{"id":88757,"date":"2020-06-11T13:48:44","date_gmt":"2020-06-11T17:48:44","guid":{"rendered":"https:\/\/linitiative.ca\/International\/assureurs-et-banquiers-critiques-pour-leur-manque-de-solidarite\/"},"modified":"2020-06-11T13:48:44","modified_gmt":"2020-06-11T17:48:44","slug":"assureurs-et-banquiers-critiques-pour-leur-manque-de-solidarite","status":"publish","type":"post","link":"https:\/\/linitiative.ca\/International\/assureurs-et-banquiers-critiques-pour-leur-manque-de-solidarite\/","title":{"rendered":"Assureurs et banquiers  critiqu\u00e9s pour leur manque de solidarit\u00e9"},"content":{"rendered":"<div class=\"body\">\n<div class=\"field field-name-body field-type-text-with-summary field-label-hidden\">\n<div class=\"field-items\" readability=\"10.5\">\n<div class=\"field-item even\" property=\"content:encoded\" readability=\"16\">\n<p class=\"rtejustify\">Les compagnies d\u2019assurance et les banques ont \u00e9t\u00e9 vivement critiqu\u00e9es au Parlement lors de l\u2019intervention du chef du gouvernement mercredi 10 juin. Les groupes parlementaires du PJD et du PAM leur reprochent leur manque de solidarit\u00e9 en ces temps de crise sanitaire. Les mesures entreprises par les assureurs, \u00abcomme les bonus\u00bb, ont \u00e9t\u00e9 jug\u00e9es insuffisantes. Quant aux frais bancaires dus pour le r\u00e9\u00e9chelonnement des cr\u00e9dits, ils ont \u00e9t\u00e9 d\u00e9nonc\u00e9s par les parlementaires de la majorit\u00e9 et de l\u2019opposition. Et ce, au m\u00eame titre que \u00abl\u2019impuissance de Bank Al-Maghrib\u00bb \u00e0 remplir sa mission de r\u00e9gulateur. Certains consommateurs ont d\u00fb payer en un seul mois 600 DH de frais bancaires! Par ailleurs, le Comit\u00e9 de veille \u00e9conomique a \u00e9t\u00e9 qualifi\u00e9 comme un simple ex\u00e9cutant de la volont\u00e9 des op\u00e9rateurs financiers. Le PAM a retir\u00e9 son soutien accord\u00e9 au gouvernement durant la gestion de l\u2019\u00e9tat d\u2019urgence sanitaire. Le projet de loi de finance rectificative ne passera pas comme une lettre \u00e0 la poste, promet l\u2019opposition.<br \/><em>F.F.\u00a0\u00a0\u00a0<\/em><\/p>\n<\/div>\n<\/div>\n<\/div>\n<\/div>\n<div class=\"eco-conseil\">\n<div class=\"view view-eco-conseil-16 view-id-eco_conseil_16 view-display-id-cookies view-dom-id-5c0a1d344a097d102119f0c1b0dd5874\">\n<div class=\"view-content\">\n<div id=\"views-bootstrap-grid-1\" class=\"views-bootstrap-grid-plugin-style\">\n<div class=\"row\">\n<div class=\" col-xs-12 col-lg-4\">\n<div class=\"row\">\n<div class=\"col col-xs-12 col-lg-12\">\n<div class=\"field-content\"><a href=\"\/article\/1063240-ecoles-privees-parents-le-bras-de-fer-continue\"><img loading=\"lazy\" decoding=\"async\" class=\"img-responsive\" typeof=\"foaf:Image\" src=\"https:\/\/www.leconomiste.com\/sites\/default\/files\/eco7\/public\/styles\/800x400\/public\/default_images\/default_une.jpg?itok=4jZlgnIZ\" width=\"660\" height=\"330\" alt=\"\"\/><\/a><\/div>\n<\/div>\n<div class=\" title_suite_2 col col-xs-12 col-lg-12\"> <a href=\"\/article\/1063240-ecoles-privees-parents-le-bras-de-fer-continue\"\/><span class=\"field-content\">Article 1063240<\/span><\/div>\n<\/div>\n<\/div>\n<div class=\" col-xs-12 col-lg-4\">\n<div class=\"row\">\n<div class=\"col col-xs-12 col-lg-12\">\n<div class=\"field-content\"><a href=\"\/article\/1063239-abb-nomme-deux-nouveaux-dg\"><img loading=\"lazy\" decoding=\"async\" class=\"img-responsive\" typeof=\"foaf:Image\" src=\"https:\/\/www.leconomiste.com\/sites\/default\/files\/eco7\/public\/styles\/800x400\/public\/default_images\/default_une.jpg?itok=4jZlgnIZ\" width=\"660\" height=\"330\" alt=\"\"\/><\/a><\/div>\n<\/div>\n<div class=\" title_suite_2 col col-xs-12 col-lg-12\"> <a href=\"\/article\/1063239-abb-nomme-deux-nouveaux-dg\"\/><span class=\"field-content\">ABB nomme deux nouveaux DG<\/span><\/div>\n<\/div>\n<\/div>\n<div class=\" col-xs-12 col-lg-4\">\n<div class=\"row\">\n<div class=\"col col-xs-12 col-lg-12\">\n<div class=\"field-content\"><a href=\"\/article\/1063238-presse-un-rapport-sur-le-respect-de-la-deontologie-durant-la-crise\"><img loading=\"lazy\" decoding=\"async\" class=\"img-responsive\" typeof=\"foaf:Image\" src=\"https:\/\/www.leconomiste.com\/sites\/default\/files\/eco7\/public\/styles\/800x400\/public\/default_images\/default_une.jpg?itok=4jZlgnIZ\" width=\"660\" height=\"330\" alt=\"\"\/><\/a><\/div>\n<\/div>\n<div class=\" title_suite_2 col col-xs-12 col-lg-12\"> <a href=\"\/article\/1063238-presse-un-rapport-sur-le-respect-de-la-deontologie-durant-la-crise\"\/><span class=\"field-content\">Presse: Un rapport sur le respect de la d\u00e9ontologie durant la crise<\/span><\/div>\n<\/div>\n<\/div>\n<\/div>\n<\/div>\n<\/div>\n<\/div>\n<\/div>\n<p>Auteur: hlafriqi<br \/>\n<a href=\"https:\/\/www.leconomiste.com\/article\/1063237-assureurs-et-banquiers-critiques-pour-leur-manque-de-solidarite\">Cliquez ici pour lire l&rsquo;article depuis sa source.<\/a><\/p>\n","protected":false},"excerpt":{"rendered":"<p>Les compagnies d\u2019assurance et les banques ont \u00e9t\u00e9 vivement critiqu\u00e9es au Parlement lors de l\u2019intervention du chef du gouvernement mercredi 10 juin. Les groupes parlementaires du PJD et du PAM leur reprochent leur manque de solidarit\u00e9 en ces temps de crise sanitaire. Les mesures entreprises par les assureurs, \u00abcomme les bonus\u00bb, ont \u00e9t\u00e9 jug\u00e9es insuffisantes. [&hellip;]<\/p>\n","protected":false},"author":1763,"featured_media":0,"comment_status":"closed","ping_status":"closed","sticky":false,"template":"","format":"standard","meta":{"fifu_image_url":"","fifu_image_alt":"","footnotes":""},"categories":[78,54],"tags":[],"class_list":["post-88757","post","type-post","status-publish","format-standard","hentry","category-economie","category-maroc"],"_links":{"self":[{"href":"https:\/\/linitiative.ca\/International\/wp-json\/wp\/v2\/posts\/88757","targetHints":{"allow":["GET"]}}],"collection":[{"href":"https:\/\/linitiative.ca\/International\/wp-json\/wp\/v2\/posts"}],"about":[{"href":"https:\/\/linitiative.ca\/International\/wp-json\/wp\/v2\/types\/post"}],"author":[{"embeddable":true,"href":"https:\/\/linitiative.ca\/International\/wp-json\/wp\/v2\/users\/1763"}],"replies":[{"embeddable":true,"href":"https:\/\/linitiative.ca\/International\/wp-json\/wp\/v2\/comments?post=88757"}],"version-history":[{"count":0,"href":"https:\/\/linitiative.ca\/International\/wp-json\/wp\/v2\/posts\/88757\/revisions"}],"wp:attachment":[{"href":"https:\/\/linitiative.ca\/International\/wp-json\/wp\/v2\/media?parent=88757"}],"wp:term":[{"taxonomy":"category","embeddable":true,"href":"https:\/\/linitiative.ca\/International\/wp-json\/wp\/v2\/categories?post=88757"},{"taxonomy":"post_tag","embeddable":true,"href":"https:\/\/linitiative.ca\/International\/wp-json\/wp\/v2\/tags?post=88757"}],"curies":[{"name":"wp","href":"https:\/\/api.w.org\/{rel}","templated":true}]}}