{"id":88759,"date":"2020-06-11T13:50:31","date_gmt":"2020-06-11T17:50:31","guid":{"rendered":"https:\/\/linitiative.ca\/International\/abb-nomme-deux-nouveaux-dg\/"},"modified":"2020-06-11T13:50:31","modified_gmt":"2020-06-11T17:50:31","slug":"abb-nomme-deux-nouveaux-dg","status":"publish","type":"post","link":"https:\/\/linitiative.ca\/International\/abb-nomme-deux-nouveaux-dg\/","title":{"rendered":"ABB nomme deux nouveaux DG"},"content":{"rendered":"<div class=\"body\">\n<div class=\"field field-name-body field-type-text-with-summary field-label-hidden\">\n<div class=\"field-items\" readability=\"8.5\">\n<div class=\"field-item even\" property=\"content:encoded\" readability=\"12\">\n<p class=\"rtejustify\">Remaniements au niveau de la gouvernance d\u2019Al Barid Bank. Ainsi, M\u2019hamed El Moussaoui\u00a0 a \u00e9t\u00e9 nomm\u00e9 en tant que directeur g\u00e9n\u00e9ral en charge du support et technologie alors que Youssef Belhadj devient directeur g\u00e9n\u00e9ral adjoint en charge de la Banque Commerciale. Outre cette nomination, El Moussaoui et Belhadj si\u00e8gent \u00e9galement en tant que membres du Directoire sous la pr\u00e9sidence de Redouane Najmeddine.<br \/><em>\u00a0M.A.B.<\/em><\/p>\n<\/div>\n<\/div>\n<\/div>\n<\/div>\n<div class=\"eco-conseil\">\n<div class=\"view view-eco-conseil-16 view-id-eco_conseil_16 view-display-id-cookies view-dom-id-d808df5478227566ef3a41648739d80f\">\n<div class=\"view-content\">\n<div id=\"views-bootstrap-grid-1\" class=\"views-bootstrap-grid-plugin-style\">\n<div class=\"row\">\n<div class=\" col-xs-12 col-lg-4\">\n<div class=\"row\">\n<div class=\"col col-xs-12 col-lg-12\">\n<div class=\"field-content\"><a href=\"\/article\/1063240-ecoles-privees-parents-le-bras-de-fer-continue\"><img loading=\"lazy\" decoding=\"async\" class=\"img-responsive\" typeof=\"foaf:Image\" src=\"https:\/\/www.leconomiste.com\/sites\/default\/files\/eco7\/public\/styles\/800x400\/public\/default_images\/default_une.jpg?itok=4jZlgnIZ\" width=\"660\" height=\"330\" alt=\"\"\/><\/a><\/div>\n<\/div>\n<div class=\" title_suite_2 col col-xs-12 col-lg-12\"> <a href=\"\/article\/1063240-ecoles-privees-parents-le-bras-de-fer-continue\"\/><span class=\"field-content\">Article 1063240<\/span><\/div>\n<\/div>\n<\/div>\n<div class=\" col-xs-12 col-lg-4\">\n<div class=\"row\">\n<div class=\"col col-xs-12 col-lg-12\">\n<div class=\"field-content\"><a href=\"\/article\/1063238-presse-un-rapport-sur-le-respect-de-la-deontologie-durant-la-crise\"><img loading=\"lazy\" decoding=\"async\" class=\"img-responsive\" typeof=\"foaf:Image\" src=\"https:\/\/www.leconomiste.com\/sites\/default\/files\/eco7\/public\/styles\/800x400\/public\/default_images\/default_une.jpg?itok=4jZlgnIZ\" width=\"660\" height=\"330\" alt=\"\"\/><\/a><\/div>\n<\/div>\n<div class=\" title_suite_2 col col-xs-12 col-lg-12\"> <a href=\"\/article\/1063238-presse-un-rapport-sur-le-respect-de-la-deontologie-durant-la-crise\"\/><span class=\"field-content\">Presse: Un rapport sur le respect de la d\u00e9ontologie durant la crise<\/span><\/div>\n<\/div>\n<\/div>\n<div class=\" col-xs-12 col-lg-4\">\n<div class=\"row\">\n<div class=\"col col-xs-12 col-lg-12\">\n<div class=\"field-content\"><a href=\"\/article\/1063237-assureurs-et-banquiers-critiques-pour-leur-manque-de-solidarite\"><img loading=\"lazy\" decoding=\"async\" class=\"img-responsive\" typeof=\"foaf:Image\" src=\"https:\/\/www.leconomiste.com\/sites\/default\/files\/eco7\/public\/styles\/800x400\/public\/default_images\/default_une.jpg?itok=4jZlgnIZ\" width=\"660\" height=\"330\" alt=\"\"\/><\/a><\/div>\n<\/div>\n<div class=\" title_suite_2 col col-xs-12 col-lg-12\"> <a href=\"\/article\/1063237-assureurs-et-banquiers-critiques-pour-leur-manque-de-solidarite\"\/><span class=\"field-content\">Assureurs et banquiers critiqu\u00e9s pour leur manque de solidarit\u00e9 <\/span><\/div>\n<\/div>\n<\/div>\n<\/div>\n<\/div>\n<\/div>\n<\/div>\n<\/div>\n<p>Auteur: hlafriqi<br \/>\n<a href=\"https:\/\/www.leconomiste.com\/article\/1063239-abb-nomme-deux-nouveaux-dg\">Cliquez ici pour lire l&rsquo;article depuis sa source.<\/a><\/p>\n","protected":false},"excerpt":{"rendered":"<p>Remaniements au niveau de la gouvernance d\u2019Al Barid Bank. Ainsi, M\u2019hamed El Moussaoui\u00a0 a \u00e9t\u00e9 nomm\u00e9 en tant que directeur g\u00e9n\u00e9ral en charge du support et technologie alors que Youssef Belhadj devient directeur g\u00e9n\u00e9ral adjoint en charge de la Banque Commerciale. Outre cette nomination, El Moussaoui et Belhadj si\u00e8gent \u00e9galement en tant que membres du [&hellip;]<\/p>\n","protected":false},"author":1763,"featured_media":0,"comment_status":"closed","ping_status":"closed","sticky":false,"template":"","format":"standard","meta":{"fifu_image_url":"","fifu_image_alt":"","footnotes":""},"categories":[78,54],"tags":[],"class_list":["post-88759","post","type-post","status-publish","format-standard","hentry","category-economie","category-maroc"],"_links":{"self":[{"href":"https:\/\/linitiative.ca\/International\/wp-json\/wp\/v2\/posts\/88759","targetHints":{"allow":["GET"]}}],"collection":[{"href":"https:\/\/linitiative.ca\/International\/wp-json\/wp\/v2\/posts"}],"about":[{"href":"https:\/\/linitiative.ca\/International\/wp-json\/wp\/v2\/types\/post"}],"author":[{"embeddable":true,"href":"https:\/\/linitiative.ca\/International\/wp-json\/wp\/v2\/users\/1763"}],"replies":[{"embeddable":true,"href":"https:\/\/linitiative.ca\/International\/wp-json\/wp\/v2\/comments?post=88759"}],"version-history":[{"count":0,"href":"https:\/\/linitiative.ca\/International\/wp-json\/wp\/v2\/posts\/88759\/revisions"}],"wp:attachment":[{"href":"https:\/\/linitiative.ca\/International\/wp-json\/wp\/v2\/media?parent=88759"}],"wp:term":[{"taxonomy":"category","embeddable":true,"href":"https:\/\/linitiative.ca\/International\/wp-json\/wp\/v2\/categories?post=88759"},{"taxonomy":"post_tag","embeddable":true,"href":"https:\/\/linitiative.ca\/International\/wp-json\/wp\/v2\/tags?post=88759"}],"curies":[{"name":"wp","href":"https:\/\/api.w.org\/{rel}","templated":true}]}}