{"id":88760,"date":"2020-06-11T13:52:18","date_gmt":"2020-06-11T17:52:18","guid":{"rendered":"https:\/\/linitiative.ca\/International\/article-1063240\/"},"modified":"2020-06-11T13:52:18","modified_gmt":"2020-06-11T17:52:18","slug":"article-1063240","status":"publish","type":"post","link":"https:\/\/linitiative.ca\/International\/article-1063240\/","title":{"rendered":"Article 1063240"},"content":{"rendered":"<div class=\"author\" readability=\"5.6949152542373\"> Par <a href=\"\/content\/ahlam-nazih\"> Ahlam NAZIH<\/a> <a href=\"\/node\/\"> <\/a> | Edition N\u00b0:5781 Le 12\/06\/2020 | Partager <\/div>\n<div class=\"body\">\n<div class=\"field field-name-body field-type-text-with-summary field-label-hidden\">\n<div class=\"field-items\" readability=\"12\">\n<div class=\"field-item even\" property=\"content:encoded\" readability=\"19\">\n<p class=\"rtejustify\">Les parents sont encore nombreux \u00e0 revendiquer des r\u00e9ductions allant \u00e0 50% des frais de scolarit\u00e9 des mois d\u2019avril, mai et juin. Pour eux, les \u00e9coles priv\u00e9es n\u2019ont pas rempli leur mission durant cette p\u00e9riode (diminution des horaires assur\u00e9s, d\u00e9faut d\u2019un e-learning r\u00e9gulier dans certains cas\u2026). Les parents ont, en plus, d\u00fb participer aux cours, voire remplacer les enseignants, et assurer une charge financi\u00e8re suppl\u00e9mentaire pour l\u2019enseignement \u00e0 distance. Les \u00e9coles ne l\u2019entendent pas de cette oreille. Devant s&rsquo;acquitter de charges fixes, notamment les salaires des profs (plus de 80% des charges), elles ne pr\u00e9voient des facilit\u00e9s que pour les parents lourdement impact\u00e9s par la crise. L\u2019Education nationale tente toujours de faire la m\u00e9diation entre les deux parties.<br \/><em>A.Na<\/em><\/p>\n<\/div>\n<\/div>\n<\/div>\n<\/div>\n<div class=\"eco-conseil\">\n<div class=\"view view-eco-conseil-16 view-id-eco_conseil_16 view-display-id-cookies view-dom-id-dc615fb3c4c73389cfafc21b6b11e9dd\">\n<div class=\"view-content\">\n<div id=\"views-bootstrap-grid-1\" class=\"views-bootstrap-grid-plugin-style\">\n<div class=\"row\">\n<div class=\" col-xs-12 col-lg-4\">\n<div class=\"row\">\n<div class=\"col col-xs-12 col-lg-12\">\n<div class=\"field-content\"><a href=\"\/article\/1063239-abb-nomme-deux-nouveaux-dg\"><img loading=\"lazy\" decoding=\"async\" class=\"img-responsive\" typeof=\"foaf:Image\" src=\"https:\/\/www.leconomiste.com\/sites\/default\/files\/eco7\/public\/styles\/800x400\/public\/default_images\/default_une.jpg?itok=4jZlgnIZ\" width=\"660\" height=\"330\" alt=\"\"\/><\/a><\/div>\n<\/div>\n<div class=\" title_suite_2 col col-xs-12 col-lg-12\"> <a href=\"\/article\/1063239-abb-nomme-deux-nouveaux-dg\"\/><span class=\"field-content\">ABB nomme deux nouveaux DG<\/span><\/div>\n<\/div>\n<\/div>\n<div class=\" col-xs-12 col-lg-4\">\n<div class=\"row\">\n<div class=\"col col-xs-12 col-lg-12\">\n<div class=\"field-content\"><a href=\"\/article\/1063238-presse-un-rapport-sur-le-respect-de-la-deontologie-durant-la-crise\"><img loading=\"lazy\" decoding=\"async\" class=\"img-responsive\" typeof=\"foaf:Image\" src=\"https:\/\/www.leconomiste.com\/sites\/default\/files\/eco7\/public\/styles\/800x400\/public\/default_images\/default_une.jpg?itok=4jZlgnIZ\" width=\"660\" height=\"330\" alt=\"\"\/><\/a><\/div>\n<\/div>\n<div class=\" title_suite_2 col col-xs-12 col-lg-12\"> <a href=\"\/article\/1063238-presse-un-rapport-sur-le-respect-de-la-deontologie-durant-la-crise\"\/><span class=\"field-content\">Presse: Un rapport sur le respect de la d\u00e9ontologie durant la crise<\/span><\/div>\n<\/div>\n<\/div>\n<div class=\" col-xs-12 col-lg-4\">\n<div class=\"row\">\n<div class=\"col col-xs-12 col-lg-12\">\n<div class=\"field-content\"><a href=\"\/article\/1063237-assureurs-et-banquiers-critiques-pour-leur-manque-de-solidarite\"><img loading=\"lazy\" decoding=\"async\" class=\"img-responsive\" typeof=\"foaf:Image\" src=\"https:\/\/www.leconomiste.com\/sites\/default\/files\/eco7\/public\/styles\/800x400\/public\/default_images\/default_une.jpg?itok=4jZlgnIZ\" width=\"660\" height=\"330\" alt=\"\"\/><\/a><\/div>\n<\/div>\n<div class=\" title_suite_2 col col-xs-12 col-lg-12\"> <a href=\"\/article\/1063237-assureurs-et-banquiers-critiques-pour-leur-manque-de-solidarite\"\/><span class=\"field-content\">Assureurs et banquiers critiqu\u00e9s pour leur manque de solidarit\u00e9 <\/span><\/div>\n<\/div>\n<\/div>\n<\/div>\n<\/div>\n<\/div>\n<\/div>\n<\/div>\n<p>Auteur: hlafriqi<br \/>\n<a href=\"https:\/\/www.leconomiste.com\/article\/1063240-ecoles-privees-parents-le-bras-de-fer-continue\">Cliquez ici pour lire l&rsquo;article depuis sa source.<\/a><\/p>\n","protected":false},"excerpt":{"rendered":"<p>Par Ahlam NAZIH | Edition N\u00b0:5781 Le 12\/06\/2020 | Partager Les parents sont encore nombreux \u00e0 revendiquer des r\u00e9ductions allant \u00e0 50% des frais de scolarit\u00e9 des mois d\u2019avril, mai et juin. Pour eux, les \u00e9coles priv\u00e9es n\u2019ont pas rempli leur mission durant cette p\u00e9riode (diminution des horaires assur\u00e9s, d\u00e9faut d\u2019un e-learning r\u00e9gulier dans certains [&hellip;]<\/p>\n","protected":false},"author":1763,"featured_media":0,"comment_status":"closed","ping_status":"closed","sticky":false,"template":"","format":"standard","meta":{"fifu_image_url":"","fifu_image_alt":"","footnotes":""},"categories":[78,54],"tags":[],"class_list":["post-88760","post","type-post","status-publish","format-standard","hentry","category-economie","category-maroc"],"_links":{"self":[{"href":"https:\/\/linitiative.ca\/International\/wp-json\/wp\/v2\/posts\/88760","targetHints":{"allow":["GET"]}}],"collection":[{"href":"https:\/\/linitiative.ca\/International\/wp-json\/wp\/v2\/posts"}],"about":[{"href":"https:\/\/linitiative.ca\/International\/wp-json\/wp\/v2\/types\/post"}],"author":[{"embeddable":true,"href":"https:\/\/linitiative.ca\/International\/wp-json\/wp\/v2\/users\/1763"}],"replies":[{"embeddable":true,"href":"https:\/\/linitiative.ca\/International\/wp-json\/wp\/v2\/comments?post=88760"}],"version-history":[{"count":0,"href":"https:\/\/linitiative.ca\/International\/wp-json\/wp\/v2\/posts\/88760\/revisions"}],"wp:attachment":[{"href":"https:\/\/linitiative.ca\/International\/wp-json\/wp\/v2\/media?parent=88760"}],"wp:term":[{"taxonomy":"category","embeddable":true,"href":"https:\/\/linitiative.ca\/International\/wp-json\/wp\/v2\/categories?post=88760"},{"taxonomy":"post_tag","embeddable":true,"href":"https:\/\/linitiative.ca\/International\/wp-json\/wp\/v2\/tags?post=88760"}],"curies":[{"name":"wp","href":"https:\/\/api.w.org\/{rel}","templated":true}]}}