{"id":88763,"date":"2020-06-12T10:30:00","date_gmt":"2020-06-12T14:30:00","guid":{"rendered":"https:\/\/linitiative.ca\/International\/les-demandes-dasile-en-europe-chutent-de-87-en-avril\/"},"modified":"2020-06-12T10:30:00","modified_gmt":"2020-06-12T14:30:00","slug":"les-demandes-dasile-en-europe-chutent-de-87-en-avril","status":"publish","type":"post","link":"https:\/\/linitiative.ca\/International\/les-demandes-dasile-en-europe-chutent-de-87-en-avril\/","title":{"rendered":"Les demandes d&rsquo;asile en Europe  chutent de 87% en avril"},"content":{"rendered":"<p class=\"p1 c3\"><span class=\"c2\"><strong>Le nombre de demandes d&rsquo;asile enregistr\u00e9es en Europe a chut\u00e9 de 87% en avril, compar\u00e9 au d\u00e9but de l&rsquo;ann\u00e9e, sous l&rsquo;effet des restrictions de circulation li\u00e9es \u00e0 la crise sanitaire du coronavirus, a annonc\u00e9 hier le Bureau europ\u00e9en d&rsquo;appui en mati\u00e8re d&rsquo;asile (EASO).<\/strong><\/span><\/p>\n<p class=\"p1 c3\"><span class=\"c2\"><strong>Entre la fermeture des fronti\u00e8res ext\u00e9rieures de l&rsquo;Union europ\u00e9enne (UE) et les restrictions de circulation au sein de la zone Schengen ces derni\u00e8res semaines, la baisse des demandes d&rsquo;obtention du statut de r\u00e9fugi\u00e9 s&rsquo;est accentu\u00e9e, apr\u00e8s une diminution de 43% en mars.<\/strong><\/span><\/p>\n<p class=\"p1 c3\"><span class=\"c2\"><strong>\u00ab\u00a0Seulement 8.730 demandes d&rsquo;asile ont \u00e9t\u00e9 enregistr\u00e9es en avril\u00a0\u00bb dans les pays de l&rsquo;UE ainsi qu&rsquo;en Norv\u00e8ge et en Suisse, ce qui correspond au \u00ab\u00a0plus bas niveau depuis au moins 2008, avec une chute massive de 87% compar\u00e9 au niveau pr\u00e9-Covid-19 en janvier et f\u00e9vrier\u00a0\u00bb, a d\u00e9taill\u00e9 l&rsquo;agence dans un rapport publi\u00e9 hier.<\/strong><\/span><\/p>\n<p class=\"p1 c3\"><span class=\"c2\"><strong>Ce nombre est toutefois quasiment dix fois sup\u00e9rieur \u00e0 celui des travers\u00e9es illicites des fronti\u00e8res europ\u00e9ennes sur la m\u00eame p\u00e9riode : 900 d&rsquo;apr\u00e8s les donn\u00e9es de Frontex, l&rsquo;Agence de la protection des fronti\u00e8res europ\u00e9ennes. Cette \u00ab\u00a0disparit\u00e9\u00a0\u00bb t\u00e9moigne du besoin de protection des demandeurs d&rsquo;asile, malgr\u00e9 la \u00ab\u00a0suspension temporaire\u00a0\u00bb de l&rsquo;enregistrement de ces demandes dans \u00ab\u00a0plusieurs pays\u00a0\u00bb.<\/strong><\/span><\/p>\n<p class=\"p1 c3\"><span class=\"c2\"><strong>Dans le d\u00e9tail, la chute drastique des demandes est surtout due au fait que les ressortissants des pays d&rsquo;Am\u00e9rique latine, Venezuela et Colombie en t\u00eate, n&rsquo;ont pas pu acc\u00e9der au territoire europ\u00e9en en avril. Les dossiers v\u00e9n\u00e9zu\u00e9liens sont ainsi pass\u00e9s de 5.013 en janvier \u00e0 seulement 80 en avril, tandis que 64 demandes \u00e9manant de Colombiens ont \u00e9t\u00e9 d\u00e9pos\u00e9e, contre 5.272 en janvier.<\/strong><\/span><\/p>\n<p class=\"p1 c3\"><span class=\"c2\"><strong>Le niveau de la demande d&rsquo;asile devrait toutefois \u00ab\u00a0augmenter doucement dans les prochains mois, lorsque les mesures nationales et de restriction de circulation vont s&rsquo;adoucir\u00a0\u00bb, explique l&rsquo;agence dans son rapport, qui tire les cons\u00e9quences de la crise sanitaire sur la demande d&rsquo;asile \u00e0 venir.<\/strong><\/span><\/p>\n<p class=\"p1 c3\"><span class=\"c2\"><strong>Cette tendance s&rsquo;est d\u00e9j\u00e0 fait sentir dans les premi\u00e8res donn\u00e9es du mois de mai, lorsque les demandes d&rsquo;asile \u00ab\u00a0remontaient d\u00e9j\u00e0, bien que doucement\u00a0\u00bb.<\/strong><\/span><\/p>\n<p class=\"p1 c3\"><span class=\"c2\"><strong>\u00ab\u00a0Rien n&rsquo;indique que la demande de protection internationale diminue\u00a0\u00bb, anticipe donc l&rsquo;EASO. Les pays europ\u00e9ens, explique l&rsquo;agence, \u00ab\u00a0devraient se pr\u00e9parer \u00e0 une mont\u00e9e des demandes d&rsquo;asile \u00e0 moyen terme, y compris celles li\u00e9es aux r\u00e9percussions du Covid-19 sur les pays pauvres\u00a0\u00bb.<\/strong><\/span><\/p>\n<p>Auteur: letemps1<br \/>\n<a href=\"http:\/\/www.letemps.com.tn\/article\/114744\/les-demandes-dasile-en-europe-chutent-de-87-en-avril\">Cliquez ici pour lire l&rsquo;article depuis sa source.<\/a><\/p>\n","protected":false},"excerpt":{"rendered":"<p>Le nombre de demandes d&rsquo;asile enregistr\u00e9es en Europe a chut\u00e9 de 87% en avril, compar\u00e9 au d\u00e9but de l&rsquo;ann\u00e9e, sous l&rsquo;effet des restrictions de circulation li\u00e9es \u00e0 la crise sanitaire du coronavirus, a annonc\u00e9 hier le Bureau europ\u00e9en d&rsquo;appui en mati\u00e8re d&rsquo;asile (EASO). Entre la fermeture des fronti\u00e8res ext\u00e9rieures de l&rsquo;Union europ\u00e9enne (UE) et les [&hellip;]<\/p>\n","protected":false},"author":1773,"featured_media":0,"comment_status":"closed","ping_status":"closed","sticky":false,"template":"","format":"standard","meta":{"fifu_image_url":"","fifu_image_alt":"","footnotes":""},"categories":[73,55],"tags":[],"class_list":["post-88763","post","type-post","status-publish","format-standard","hentry","category-actualite","category-tunisie"],"_links":{"self":[{"href":"https:\/\/linitiative.ca\/International\/wp-json\/wp\/v2\/posts\/88763","targetHints":{"allow":["GET"]}}],"collection":[{"href":"https:\/\/linitiative.ca\/International\/wp-json\/wp\/v2\/posts"}],"about":[{"href":"https:\/\/linitiative.ca\/International\/wp-json\/wp\/v2\/types\/post"}],"author":[{"embeddable":true,"href":"https:\/\/linitiative.ca\/International\/wp-json\/wp\/v2\/users\/1773"}],"replies":[{"embeddable":true,"href":"https:\/\/linitiative.ca\/International\/wp-json\/wp\/v2\/comments?post=88763"}],"version-history":[{"count":0,"href":"https:\/\/linitiative.ca\/International\/wp-json\/wp\/v2\/posts\/88763\/revisions"}],"wp:attachment":[{"href":"https:\/\/linitiative.ca\/International\/wp-json\/wp\/v2\/media?parent=88763"}],"wp:term":[{"taxonomy":"category","embeddable":true,"href":"https:\/\/linitiative.ca\/International\/wp-json\/wp\/v2\/categories?post=88763"},{"taxonomy":"post_tag","embeddable":true,"href":"https:\/\/linitiative.ca\/International\/wp-json\/wp\/v2\/tags?post=88763"}],"curies":[{"name":"wp","href":"https:\/\/api.w.org\/{rel}","templated":true}]}}