{"id":88764,"date":"2020-06-12T10:30:00","date_gmt":"2020-06-12T14:30:00","guid":{"rendered":"https:\/\/linitiative.ca\/International\/samson-adamu-president-des-competitions-de-la-caf-categorique-le-titre-a-ete-attribue-a-lest\/"},"modified":"2020-06-12T10:30:00","modified_gmt":"2020-06-12T14:30:00","slug":"samson-adamu-president-des-competitions-de-la-caf-categorique-le-titre-a-ete-attribue-a-lest","status":"publish","type":"post","link":"https:\/\/linitiative.ca\/International\/samson-adamu-president-des-competitions-de-la-caf-categorique-le-titre-a-ete-attribue-a-lest\/","title":{"rendered":"Samson Adamu, pr\u00e9sident des comp\u00e9titions de la CAF, cat\u00e9gorique : \u00abLe titre a \u00e9t\u00e9 attribu\u00e9 \u00e0 l\u2019EST !\u00bb"},"content":{"rendered":"<p class=\"p1 c3\"><span class=\"c2\"><strong>Au cours de son passage<span class=\"Apple-converted-space\">\u00a0<\/span> sur le plateau de la cha\u00eene AD. Sports, Samson Adamu, le directeur des comp\u00e9titions de la Conf\u00e9d\u00e9ration africaine de football, est revenu sur le match qui a mis aux prises l\u2019Esp\u00e9rance ST et le Widad de Casablanca en finale de la ligue africaine des clubs champions.<span class=\"Apple-converted-space\">\u00a0<\/span><\/strong><\/span><\/p>\n<p class=\"p1 c3\"><span class=\"c2\"><strong>Revenant sur le d\u00e9roulement de ladite finale, Samson Adamu <span class=\"Apple-converted-space\">\u00a0<\/span> a tenu \u00e0<span class=\"Apple-converted-space\">\u00a0<\/span> pr\u00e9ciser qu\u2019il n\u2019y pas eu de plan B : \u00ab<span class=\"Apple-converted-space\">\u00a0<\/span> L\u2019Esp\u00e9rance de Tunis a \u00e9t\u00e9 d\u00e9clar\u00e9e vainqueur de la derni\u00e8re \u00e9dition et rien n\u2019a chang\u00e9 pour le moment \u00bb.<\/strong><\/span><\/p>\n<p class=\"p2 c4\">\u00a0<\/p>\n<p class=\"p3 c5\"><span class=\"c2\"><strong>L\u2019EST interdite de faire<span class=\"Apple-converted-space\">\u00a0<\/span><\/strong><\/span><\/p>\n<p class=\"p3 c5\"><span class=\"c2\"><strong>des d\u00e9clarations !<\/strong><\/span><\/p>\n<p class=\"p1 c3\"><span class=\"c2\"><strong>Saisi par les responsables de l\u2019\u00e9quipe marocaine, le Tribunal Arbitral Sportif d\u00e9voilera tr\u00e8s prochainement son verdict dans \u00e0 l\u2019affaire de ladite finale de la ligue des champions d\u2019Afrique. Selon Al Arabi Al Jadid, le TAS a interdit aux dirigeants de l\u2019Esp\u00e9rance Sportive de Tunis de faire des d\u00e9clarations concernant l\u2019affaire en question.<\/strong><\/span><\/p>\n<p class=\"p1 c3\"><span class=\"c2\"><strong>C\u2019est le Wydad de Casablanca qui a protest\u00e9, aupr\u00e8s du TAS, contre les sorties m\u00e9diatiques de l\u2019avocat du club de Bab Souika, Riadh Touiti, depuis la derni\u00e8re audience.<span class=\"Apple-converted-space\">\u00a0<\/span><\/strong><\/span><\/p>\n<p class=\"p1 c3\"><span class=\"c2\"><strong>Selon la correspondance, les d\u00e9clarations de Touiti pourraient porter un coup au secret de l\u2019audience tenue le 29 mai dernier.<\/strong><\/span><\/p>\n<p class=\"p1 c3\"><span class=\"c2\"><strong>La m\u00eame source indique que le TAS a juste inform\u00e9 les responsables<span class=\"Apple-converted-space\">\u00a0<\/span> que ses dirigeants sont interdits de faire des d\u00e9clarations. Aucune sanction ne lui a \u00e9t\u00e9 inflig\u00e9e.<\/strong><\/span><\/p>\n<p class=\"p1 c3\"><span class=\"c2\"><strong>Nous sommes plus que convaincus, quant \u00e0 nous, que le verdict d\u2019un match se d\u00e9cide sur le rectangle vert et non dans les coulisses. Une proc\u00e9dure devenue monnaie courante, c\u00f4t\u00e9 football marocain, apr\u00e8s chaque match perdu contre une \u00e9quipe\u2026tunisienne<\/strong><\/span><\/p>\n<p class=\"p4 c7\"><span class=\"c2\"><span class=\"s1 c6\"><strong>R.B.A<\/strong><\/span><\/span><\/p>\n<p>Auteur: letemps1<br \/>\n<a href=\"http:\/\/www.letemps.com.tn\/article\/114746\/samson-adamu-pr%C3%A9sident-des-comp%C3%A9titions-de-la-caf-cat%C3%A9gorique-%C2%ABle-titre-%C3%A9t%C3%A9-attribu%C3%A9\">Cliquez ici pour lire l&rsquo;article depuis sa source.<\/a><\/p>\n","protected":false},"excerpt":{"rendered":"<p>Au cours de son passage\u00a0 sur le plateau de la cha\u00eene AD. Sports, Samson Adamu, le directeur des comp\u00e9titions de la Conf\u00e9d\u00e9ration africaine de football, est revenu sur le match qui a mis aux prises l\u2019Esp\u00e9rance ST et le Widad de Casablanca en finale de la ligue africaine des clubs champions.\u00a0 Revenant sur le d\u00e9roulement [&hellip;]<\/p>\n","protected":false},"author":1773,"featured_media":0,"comment_status":"closed","ping_status":"closed","sticky":false,"template":"","format":"standard","meta":{"fifu_image_url":"","fifu_image_alt":"","footnotes":""},"categories":[73,55],"tags":[],"class_list":["post-88764","post","type-post","status-publish","format-standard","hentry","category-actualite","category-tunisie"],"_links":{"self":[{"href":"https:\/\/linitiative.ca\/International\/wp-json\/wp\/v2\/posts\/88764","targetHints":{"allow":["GET"]}}],"collection":[{"href":"https:\/\/linitiative.ca\/International\/wp-json\/wp\/v2\/posts"}],"about":[{"href":"https:\/\/linitiative.ca\/International\/wp-json\/wp\/v2\/types\/post"}],"author":[{"embeddable":true,"href":"https:\/\/linitiative.ca\/International\/wp-json\/wp\/v2\/users\/1773"}],"replies":[{"embeddable":true,"href":"https:\/\/linitiative.ca\/International\/wp-json\/wp\/v2\/comments?post=88764"}],"version-history":[{"count":0,"href":"https:\/\/linitiative.ca\/International\/wp-json\/wp\/v2\/posts\/88764\/revisions"}],"wp:attachment":[{"href":"https:\/\/linitiative.ca\/International\/wp-json\/wp\/v2\/media?parent=88764"}],"wp:term":[{"taxonomy":"category","embeddable":true,"href":"https:\/\/linitiative.ca\/International\/wp-json\/wp\/v2\/categories?post=88764"},{"taxonomy":"post_tag","embeddable":true,"href":"https:\/\/linitiative.ca\/International\/wp-json\/wp\/v2\/tags?post=88764"}],"curies":[{"name":"wp","href":"https:\/\/api.w.org\/{rel}","templated":true}]}}