{"id":88765,"date":"2020-06-12T10:30:00","date_gmt":"2020-06-12T14:30:00","guid":{"rendered":"https:\/\/linitiative.ca\/International\/la-caf-a-choisi-les-dates-des-demi-finales-et-de-la-finale\/"},"modified":"2020-06-12T10:30:00","modified_gmt":"2020-06-12T14:30:00","slug":"la-caf-a-choisi-les-dates-des-demi-finales-et-de-la-finale","status":"publish","type":"post","link":"https:\/\/linitiative.ca\/International\/la-caf-a-choisi-les-dates-des-demi-finales-et-de-la-finale\/","title":{"rendered":"La CAF a choisi les dates  des demi-finales et de la finale"},"content":{"rendered":"<p class=\"p1 c3\"><span class=\"c2\"><strong>La CAF a tranch\u00e9 sur les dates de reprise de ses comp\u00e9titions inter-clubs, \u00e0 savoir la Ligue des champions et la Coupe de la CAF.<span class=\"Apple-converted-space\">\u00a0<\/span><\/strong><\/span><\/p>\n<p class=\"p1 c3\"><span class=\"c2\"><strong>Mardi dernier, la Commission des comp\u00e9titions interclubs a tenu une r\u00e9union en visioconf\u00e9rence pour choisir les dates de reprise de la Ligue des champions et la Coupe de la CAF, suspendues depuis mars dernier en raison de la pand\u00e9mie du coronavirus.<span class=\"Apple-converted-space\">\u00a0<\/span><\/strong><\/span><\/p>\n<p class=\"p1 c3\"><span class=\"c2\"><strong>L&rsquo;instance africaine a choisi le deuxi\u00e8me sc\u00e9nario pr\u00e9voyant un retour de la comp\u00e9tition en septembre prochain. Ainsi, les matches aller se d\u00e9rouleront les 4, 5 et 6 septembre, tandis que les manches retour sont pr\u00e9vues les 11, 12 et 13 septembre. La finale se jouera quant \u00e0 elle le 25 du m\u00eame mois.<\/strong><\/span><\/p>\n<p class=\"p1 c3\"><span class=\"c2\"><strong>Rappelons que quatre clubs marocains sont toujours en lice. Le Raja affrontera le Zamalek en demi-finale de la C1, alors que le Wydad a rendez-vous avec Al Ahly.<\/strong><\/span><\/p>\n<p class=\"p1 c3\"><span class=\"c2\"><strong>En Coupe de la CAF, la Renaissance de Berkane et le Hassania d&rsquo;Agadir s&rsquo;affronteront dans un choc 100% marocain.<span class=\"Apple-converted-space\">\u00a0<\/span><\/strong><\/span><\/p>\n<p class=\"p2 c4\"><span class=\"c2\"><strong>Ameur KERKENNI<\/strong><\/span><\/p>\n<p>Auteur: letemps1<br \/>\n<a href=\"http:\/\/www.letemps.com.tn\/article\/114747\/la-caf-choisi-les-dates-des-demi-finales-et-de-la-finale\">Cliquez ici pour lire l&rsquo;article depuis sa source.<\/a><\/p>\n","protected":false},"excerpt":{"rendered":"<p>La CAF a tranch\u00e9 sur les dates de reprise de ses comp\u00e9titions inter-clubs, \u00e0 savoir la Ligue des champions et la Coupe de la CAF.\u00a0 Mardi dernier, la Commission des comp\u00e9titions interclubs a tenu une r\u00e9union en visioconf\u00e9rence pour choisir les dates de reprise de la Ligue des champions et la Coupe de la CAF, [&hellip;]<\/p>\n","protected":false},"author":1773,"featured_media":0,"comment_status":"closed","ping_status":"closed","sticky":false,"template":"","format":"standard","meta":{"fifu_image_url":"","fifu_image_alt":"","footnotes":""},"categories":[73,55],"tags":[],"class_list":["post-88765","post","type-post","status-publish","format-standard","hentry","category-actualite","category-tunisie"],"_links":{"self":[{"href":"https:\/\/linitiative.ca\/International\/wp-json\/wp\/v2\/posts\/88765","targetHints":{"allow":["GET"]}}],"collection":[{"href":"https:\/\/linitiative.ca\/International\/wp-json\/wp\/v2\/posts"}],"about":[{"href":"https:\/\/linitiative.ca\/International\/wp-json\/wp\/v2\/types\/post"}],"author":[{"embeddable":true,"href":"https:\/\/linitiative.ca\/International\/wp-json\/wp\/v2\/users\/1773"}],"replies":[{"embeddable":true,"href":"https:\/\/linitiative.ca\/International\/wp-json\/wp\/v2\/comments?post=88765"}],"version-history":[{"count":0,"href":"https:\/\/linitiative.ca\/International\/wp-json\/wp\/v2\/posts\/88765\/revisions"}],"wp:attachment":[{"href":"https:\/\/linitiative.ca\/International\/wp-json\/wp\/v2\/media?parent=88765"}],"wp:term":[{"taxonomy":"category","embeddable":true,"href":"https:\/\/linitiative.ca\/International\/wp-json\/wp\/v2\/categories?post=88765"},{"taxonomy":"post_tag","embeddable":true,"href":"https:\/\/linitiative.ca\/International\/wp-json\/wp\/v2\/tags?post=88765"}],"curies":[{"name":"wp","href":"https:\/\/api.w.org\/{rel}","templated":true}]}}