{"id":88766,"date":"2020-06-12T10:30:00","date_gmt":"2020-06-12T14:30:00","guid":{"rendered":"https:\/\/linitiative.ca\/International\/le-jeune-stadiste-youssef-meddeb-prochaine-recrue-sang-et-or\/"},"modified":"2020-06-12T10:30:00","modified_gmt":"2020-06-12T14:30:00","slug":"le-jeune-stadiste-youssef-meddeb-prochaine-recrue-sang-et-or","status":"publish","type":"post","link":"https:\/\/linitiative.ca\/International\/le-jeune-stadiste-youssef-meddeb-prochaine-recrue-sang-et-or\/","title":{"rendered":"Le jeune stadiste Youssef Meddeb prochaine recrue \u00abSang et Or \u00bb ?"},"content":{"rendered":"<p class=\"p1 c3\"><span class=\"c2\">Attendu \u00e0 Sousse, le jeune lat\u00e9ral stadiste, Youssef Meddeb, pourrait finalement atterrir au complexe Hassen Belkhodja.<span class=\"Apple-converted-space\">\u00a0<\/span><\/span><\/p>\n<p class=\"p1 c3\"><span class=\"c2\">Selon nos derni\u00e8res informations,<span class=\"Apple-converted-space\">\u00a0<\/span> les responsables de l\u2019\u00e9quipe de Bab Souika de l\u2019Esp\u00e9rance ST auraient entam\u00e9 des n\u00e9gociations avec leurs homologues du Stade Tunisien apr\u00e8s l\u2019\u00e9chec de son transfert \u00e0 l\u2019Etoile Sportive du Sahel.<span class=\"Apple-converted-space\">\u00a0<\/span><\/span><\/p>\n<p class=\"p1 c3\"><span class=\"c2\">A titre de rappel, l\u2019international olympique de l\u2019\u00e9quipe du Bardo \u00e9tait sur le point de signer une licence en faveur de l\u2019\u00e9quipe sah\u00e9lienne.<span class=\"Apple-converted-space\">\u00a0<\/span><\/span><\/p>\n<p class=\"p1 c3\"><span class=\"c2\">Le club bardolais allait enregistrer, quant \u00e0 lui, l\u2019arriv\u00e9e de Hazem Haj Hassan mais les deux clubs n\u2019auraient finalement pas trouv\u00e9 un terrain d\u2019entente.<span class=\"Apple-converted-space\">\u00a0<\/span><\/span><\/p>\n<p class=\"p1 c3\"><span class=\"c2\">Il est \u00e0 noter que le joueur de 23 ans a refus\u00e9 de prolonger son contrat avec le Stade Tunisien.<span class=\"Apple-converted-space\">\u00a0<\/span> Ce refus a pouss\u00e9 les responsables stadistes \u00e0 lui ouvrir une porte de sortie.<\/span><\/p>\n<p class=\"p2 c4\">\u00a0<\/p>\n<p class=\"p3 c5\"><strong><span class=\"c2\">Mohamed Drager :<span class=\"Apple-converted-space\">\u00a0<\/span><\/span><\/strong><\/p>\n<p class=\"p3 c5\"><strong><span class=\"c2\">\u00ab Ma m\u00e8re est esp\u00e9rantiste, mais je veux poursuivre<span class=\"Apple-converted-space\">\u00a0<\/span><\/span><\/strong><\/p>\n<p class=\"p3 c5\"><strong><span class=\"c2\">ma carri\u00e8re en Europe \u00bb <span class=\"Apple-converted-space\">\u00a0<\/span><\/span><\/strong><\/p>\n<p class=\"p1 c3\"><span class=\"c2\">Mohamed Drager ne rejoindra, finalement pas, l\u2019Esp\u00e9rance S Tunis durant le prochain mercato. Le lat\u00e9ral droit de l\u2019\u00e9quipe allemande Paderborn a tir\u00e9 les choses au clair \u00e0 propos de la suite de sa carri\u00e8re<span class=\"Apple-converted-space\">\u00a0<\/span> :<span class=\"Apple-converted-space\">\u00a0<\/span><\/span><\/p>\n<p class=\"p1 c3\"><span class=\"c2\">\u00ab Je suis esp\u00e9rantiste d\u2019autant plus que ma m\u00e8re est originaire de Bab Souika. Mais, contrairement \u00e0 la rumeur qui a circul\u00e9, je n\u2019ai pas \u00e9t\u00e9 contact\u00e9 par la direction esp\u00e9rantiste. De toutes les mani\u00e8res, je compte bien poursuivre mon aventure en Europe \u00bb.<\/span><\/p>\n<p class=\"p2 c4\">\u00a0<\/p>\n<p class=\"p3 c5\"><strong><span class=\"c2\">Plus de probl\u00e8me<span class=\"Apple-converted-space\">\u00a0<\/span><\/span><\/strong><\/p>\n<p class=\"p3 c5\"><strong><span class=\"c2\">pour le gardien Debchi <span class=\"Apple-converted-space\">\u00a0<\/span><\/span><\/strong><\/p>\n<p class=\"p1 c3\"><span class=\"c2\">Le jeune gardien de l\u2019Esp\u00e9rance S<span class=\"Apple-converted-space\">\u00a0<\/span> T a r\u00e9gl\u00e9 sa situation l\u00e9gale ainsi que son diff\u00e9rend avec son agent allemand qui avait menac\u00e9 de saisir les structures comp\u00e9tentes.<\/span><\/p>\n<p class=\"p1 c3\"><span class=\"c2\">Le litige a \u00e9t\u00e9 r\u00e9gl\u00e9 gr\u00e2ce \u00e0 l\u2019intervention de l\u2019avocat du joueur, Mohamed Touati. Intervention<span class=\"Apple-converted-space\">\u00a0<\/span> qui lui a permis de trouver un terrain d\u2019entente au sujet de la r\u00e9siliation de son contrat.<\/span><\/p>\n<p class=\"p1 c3\"><span class=\"c2\">Le litige remonte \u00e0 l\u2019\u00e9t\u00e9 2019 quand Sedki Debchi, ex-gardien de l\u2019Avenir Sportif de Gab\u00e8s, a rejoint l\u2019Esp\u00e9rance ST sans consulter son agent.<span class=\"Apple-converted-space\">\u00a0<\/span><\/span><\/p>\n<p class=\"p4 c6\"><strong><span class=\"c2\">R.B.A<\/span><\/strong><\/p>\n<p>Auteur: letemps1<br \/>\n<a href=\"http:\/\/www.letemps.com.tn\/article\/114748\/le-jeune-stadiste-youssef-meddeb-prochaine-recrue-%C2%ABsang-et-or-%C2%BB\">Cliquez ici pour lire l&rsquo;article depuis sa source.<\/a><\/p>\n","protected":false},"excerpt":{"rendered":"<p>Attendu \u00e0 Sousse, le jeune lat\u00e9ral stadiste, Youssef Meddeb, pourrait finalement atterrir au complexe Hassen Belkhodja.\u00a0 Selon nos derni\u00e8res informations,\u00a0 les responsables de l\u2019\u00e9quipe de Bab Souika de l\u2019Esp\u00e9rance ST auraient entam\u00e9 des n\u00e9gociations avec leurs homologues du Stade Tunisien apr\u00e8s l\u2019\u00e9chec de son transfert \u00e0 l\u2019Etoile Sportive du Sahel.\u00a0 A titre de rappel, l\u2019international [&hellip;]<\/p>\n","protected":false},"author":1773,"featured_media":0,"comment_status":"closed","ping_status":"closed","sticky":false,"template":"","format":"standard","meta":{"fifu_image_url":"","fifu_image_alt":"","footnotes":""},"categories":[73,55],"tags":[],"class_list":["post-88766","post","type-post","status-publish","format-standard","hentry","category-actualite","category-tunisie"],"_links":{"self":[{"href":"https:\/\/linitiative.ca\/International\/wp-json\/wp\/v2\/posts\/88766","targetHints":{"allow":["GET"]}}],"collection":[{"href":"https:\/\/linitiative.ca\/International\/wp-json\/wp\/v2\/posts"}],"about":[{"href":"https:\/\/linitiative.ca\/International\/wp-json\/wp\/v2\/types\/post"}],"author":[{"embeddable":true,"href":"https:\/\/linitiative.ca\/International\/wp-json\/wp\/v2\/users\/1773"}],"replies":[{"embeddable":true,"href":"https:\/\/linitiative.ca\/International\/wp-json\/wp\/v2\/comments?post=88766"}],"version-history":[{"count":0,"href":"https:\/\/linitiative.ca\/International\/wp-json\/wp\/v2\/posts\/88766\/revisions"}],"wp:attachment":[{"href":"https:\/\/linitiative.ca\/International\/wp-json\/wp\/v2\/media?parent=88766"}],"wp:term":[{"taxonomy":"category","embeddable":true,"href":"https:\/\/linitiative.ca\/International\/wp-json\/wp\/v2\/categories?post=88766"},{"taxonomy":"post_tag","embeddable":true,"href":"https:\/\/linitiative.ca\/International\/wp-json\/wp\/v2\/tags?post=88766"}],"curies":[{"name":"wp","href":"https:\/\/api.w.org\/{rel}","templated":true}]}}