{"id":88767,"date":"2020-06-12T10:30:00","date_gmt":"2020-06-12T14:30:00","guid":{"rendered":"https:\/\/linitiative.ca\/International\/patrice-carteron-reclame-un-salaire-mensuel-de-45-mille-euros\/"},"modified":"2020-06-12T10:30:00","modified_gmt":"2020-06-12T14:30:00","slug":"patrice-carteron-reclame-un-salaire-mensuel-de-45-mille-euros","status":"publish","type":"post","link":"https:\/\/linitiative.ca\/International\/patrice-carteron-reclame-un-salaire-mensuel-de-45-mille-euros\/","title":{"rendered":"Patrice Carteron r\u00e9clame  un salaire mensuel de 45 mille euros !"},"content":{"rendered":"<p class=\"p1 c3\"><span class=\"c2\"><strong>Multipliant les pistes pour d\u00e9nicher \u00ab l\u2019homme providentiel \u00bb de la prochaine \u00e9tape \u00ab compliqu\u00e9e \u00bb faut-il l\u2019avouer sur plusieurs \u00e9chelles, les d\u00e9cideurs \u00e9toil\u00e9s viennent d\u2019approcher le technicien fran\u00e7ais du Zamalek Patrice Carteron fortement appr\u00e9ci\u00e9 dans le camp du club \u00e9toil\u00e9<\/strong><\/span><\/p>\n<p class=\"p1 c3\"><span class=\"c2\"><strong>Sauf que, ce dernier aurait r\u00e9clam\u00e9 un salaire hors de port\u00e9e \u00e9valu\u00e9 \u00e0 45 mille euros outre l\u2019exigence de ramener tout un staff avec lui, de quoi rebuter la direction de l\u2019Etoile<span class=\"Apple-converted-space\">\u00a0<\/span> qui garde toujours l\u2019espoir de pouvoir trouver les arguments n\u00e9cessaires pour convaincre Patrice Carteron.<\/strong><\/span><\/p>\n<p class=\"p1 c3\"><span class=\"c2\"><strong>Signalons que mercredi, le journal Arriadhia a affirm\u00e9 que Patrice Carteron a \u00e9t\u00e9 contact\u00e9 par Roger Lemerre.<span class=\"Apple-converted-space\">\u00a0<\/span><\/strong><\/span><\/p>\n<p class=\"p1 c3\"><span class=\"c2\"><strong>Ce dernier l\u2019a rassur\u00e9 quant aux capacit\u00e9s du club lui indiquant qu\u2019il dispose de tous les moyens pour un projet sportif gagnant.<span class=\"Apple-converted-space\">\u00a0<\/span><\/strong><\/span><\/p>\n<p class=\"p1 c3\"><span class=\"c2\"><strong>D\u2019autre part, l\u2019attaquant Yassine Chikhaoui est au bord de la rupture avec l\u2019Etoile. Le plan d\u2019aust\u00e9rit\u00e9 impos\u00e9 par Chokri La\u00e2miri ne plait pas au joueur.<\/strong><\/span><\/p>\n<p class=\"p1 c3\"><span class=\"c2\"><strong><span class=\"Apple-converted-space\">\u00a0<\/span>Ce dernier exige une ann\u00e9e de salaires, soit environ un million de dinars pour partir avant la fin de son contrat.<span class=\"Apple-converted-space\">\u00a0<\/span><\/strong><\/span><\/p>\n<p class=\"p2 c5\"><span class=\"c2\"><span class=\"s1 c4\"><strong>Hatem REGAIEG<\/strong><\/span><\/span><\/p>\n<p>Auteur: letemps1<br \/>\n<a href=\"http:\/\/www.letemps.com.tn\/article\/114749\/patrice-carteron-r%C3%A9clame-un-salaire-mensuel-de-45-mille-euros\">Cliquez ici pour lire l&rsquo;article depuis sa source.<\/a><\/p>\n","protected":false},"excerpt":{"rendered":"<p>Multipliant les pistes pour d\u00e9nicher \u00ab l\u2019homme providentiel \u00bb de la prochaine \u00e9tape \u00ab compliqu\u00e9e \u00bb faut-il l\u2019avouer sur plusieurs \u00e9chelles, les d\u00e9cideurs \u00e9toil\u00e9s viennent d\u2019approcher le technicien fran\u00e7ais du Zamalek Patrice Carteron fortement appr\u00e9ci\u00e9 dans le camp du club \u00e9toil\u00e9 Sauf que, ce dernier aurait r\u00e9clam\u00e9 un salaire hors de port\u00e9e \u00e9valu\u00e9 \u00e0 45 [&hellip;]<\/p>\n","protected":false},"author":1773,"featured_media":0,"comment_status":"closed","ping_status":"closed","sticky":false,"template":"","format":"standard","meta":{"fifu_image_url":"","fifu_image_alt":"","footnotes":""},"categories":[73,55],"tags":[],"class_list":["post-88767","post","type-post","status-publish","format-standard","hentry","category-actualite","category-tunisie"],"_links":{"self":[{"href":"https:\/\/linitiative.ca\/International\/wp-json\/wp\/v2\/posts\/88767","targetHints":{"allow":["GET"]}}],"collection":[{"href":"https:\/\/linitiative.ca\/International\/wp-json\/wp\/v2\/posts"}],"about":[{"href":"https:\/\/linitiative.ca\/International\/wp-json\/wp\/v2\/types\/post"}],"author":[{"embeddable":true,"href":"https:\/\/linitiative.ca\/International\/wp-json\/wp\/v2\/users\/1773"}],"replies":[{"embeddable":true,"href":"https:\/\/linitiative.ca\/International\/wp-json\/wp\/v2\/comments?post=88767"}],"version-history":[{"count":0,"href":"https:\/\/linitiative.ca\/International\/wp-json\/wp\/v2\/posts\/88767\/revisions"}],"wp:attachment":[{"href":"https:\/\/linitiative.ca\/International\/wp-json\/wp\/v2\/media?parent=88767"}],"wp:term":[{"taxonomy":"category","embeddable":true,"href":"https:\/\/linitiative.ca\/International\/wp-json\/wp\/v2\/categories?post=88767"},{"taxonomy":"post_tag","embeddable":true,"href":"https:\/\/linitiative.ca\/International\/wp-json\/wp\/v2\/tags?post=88767"}],"curies":[{"name":"wp","href":"https:\/\/api.w.org\/{rel}","templated":true}]}}