{"id":88768,"date":"2020-06-12T15:13:12","date_gmt":"2020-06-12T19:13:12","guid":{"rendered":"https:\/\/linitiative.ca\/International\/international-ol-aouar-aulas-a-lespoir-de-le-garder\/"},"modified":"2020-06-12T15:13:12","modified_gmt":"2020-06-12T19:13:12","slug":"international-ol-aouar-aulas-a-lespoir-de-le-garder","status":"publish","type":"post","link":"https:\/\/linitiative.ca\/International\/international-ol-aouar-aulas-a-lespoir-de-le-garder\/","title":{"rendered":"International : OL: Aouar, Aulas a l&rsquo;espoir de le garder !"},"content":{"rendered":"<div readability=\"32\">\n<p>Auteur : <span class=\"time\">vendredi 12 juin 2020 13:47<\/span><\/p>\n<\/div>\n<div id=\"post_core\" readability=\"47\">\n<p>Annonc\u00e9 dans le viseur de grands clubs europ\u00e9ens, le milieu de terrain Houssem Aouar pourrait quitter l&rsquo;Olympique Lyonnais lors de ce mercato d&rsquo;\u00e9t\u00e9. Mais de son c\u00f4t\u00e9, le pr\u00e9sident des Gones Jean-Michel Aulas n&rsquo;a pas encore dit son dernier mot sur ce dossier: \u00ab\u00a0Pour le moment, on n\u2019a pas eu la moindre proposition ou m\u00eame une demande de renseignements. Je sais qu\u2019effectivement il y a beaucoup de clubs qui peuvent s\u2019int\u00e9resser \u00e0 lui. La premi\u00e8re option, c\u2019est de le garder, on va tout faire pour. La seconde option (celle d\u2019un d\u00e9part, ndlr), c\u2019est lui qui va d\u00e9cider o\u00f9 il souhaite jouer. Avec les joueurs qui sont partis dans le pass\u00e9, nous avons toujours privil\u00e9gi\u00e9 le lieu et le club o\u00f9 les joueurs souhaitaient aller\u00a0\u00bb, a confi\u00e9 le boss de l&rsquo;OL pour T\u00e9l\u00e9foot. Pour rappel, Aouar a \u00e9t\u00e9 pr\u00e9sent\u00e9 dans les petits papiers de Manchester City et de la Juventus Turin rapporte Maxifoot.fr.<\/p>\n<p><strong>Publi\u00e9 dans :<\/strong> <span>Aulas<\/span> <span>Aouar<\/span><\/p>\n<\/div>\n<p>Auteur:<br \/>\n<a href=\"http:\/\/www.lebuteur.com\/article\/detail?titre=ol-aouar-aulas-a-lespoir-de-le-garder&#038;id=96221&#038;utm_source=feedburner&#038;utm_medium=feed&#038;utm_campaign=Feed%3A+GalerieFArtciles+%28Les+derniers+articles++-+lebuteur.com%29\">Cliquez ici pour lire l&rsquo;article depuis sa source.<\/a><\/p>\n","protected":false},"excerpt":{"rendered":"<p>Auteur : vendredi 12 juin 2020 13:47 Annonc\u00e9 dans le viseur de grands clubs europ\u00e9ens, le milieu de terrain Houssem Aouar pourrait quitter l&rsquo;Olympique Lyonnais lors de ce mercato d&rsquo;\u00e9t\u00e9. Mais de son c\u00f4t\u00e9, le pr\u00e9sident des Gones Jean-Michel Aulas n&rsquo;a pas encore dit son dernier mot sur ce dossier: \u00ab\u00a0Pour le moment, on n\u2019a [&hellip;]<\/p>\n","protected":false},"author":1738,"featured_media":88769,"comment_status":"closed","ping_status":"closed","sticky":false,"template":"","format":"standard","meta":{"fifu_image_url":"","fifu_image_alt":"","footnotes":""},"categories":[53,75],"tags":[],"class_list":["post-88768","post","type-post","status-publish","format-standard","has-post-thumbnail","hentry","category-algerie","category-sport"],"_links":{"self":[{"href":"https:\/\/linitiative.ca\/International\/wp-json\/wp\/v2\/posts\/88768","targetHints":{"allow":["GET"]}}],"collection":[{"href":"https:\/\/linitiative.ca\/International\/wp-json\/wp\/v2\/posts"}],"about":[{"href":"https:\/\/linitiative.ca\/International\/wp-json\/wp\/v2\/types\/post"}],"author":[{"embeddable":true,"href":"https:\/\/linitiative.ca\/International\/wp-json\/wp\/v2\/users\/1738"}],"replies":[{"embeddable":true,"href":"https:\/\/linitiative.ca\/International\/wp-json\/wp\/v2\/comments?post=88768"}],"version-history":[{"count":0,"href":"https:\/\/linitiative.ca\/International\/wp-json\/wp\/v2\/posts\/88768\/revisions"}],"wp:featuredmedia":[{"embeddable":true,"href":"https:\/\/linitiative.ca\/International\/wp-json\/"}],"wp:attachment":[{"href":"https:\/\/linitiative.ca\/International\/wp-json\/wp\/v2\/media?parent=88768"}],"wp:term":[{"taxonomy":"category","embeddable":true,"href":"https:\/\/linitiative.ca\/International\/wp-json\/wp\/v2\/categories?post=88768"},{"taxonomy":"post_tag","embeddable":true,"href":"https:\/\/linitiative.ca\/International\/wp-json\/wp\/v2\/tags?post=88768"}],"curies":[{"name":"wp","href":"https:\/\/api.w.org\/{rel}","templated":true}]}}