{"id":88770,"date":"2020-06-12T15:13:13","date_gmt":"2020-06-12T19:13:13","guid":{"rendered":"https:\/\/linitiative.ca\/International\/international-ol-aulas-voit-tres-grand-pour-cherki\/"},"modified":"2020-06-12T15:13:13","modified_gmt":"2020-06-12T19:13:13","slug":"international-ol-aulas-voit-tres-grand-pour-cherki","status":"publish","type":"post","link":"https:\/\/linitiative.ca\/International\/international-ol-aulas-voit-tres-grand-pour-cherki\/","title":{"rendered":"International : OL: Aulas voit tr\u00e8s grand pour Cherki"},"content":{"rendered":"<div readability=\"32\">\n<p>Auteur : <span class=\"time\">vendredi 12 juin 2020 13:48<\/span><\/p>\n<\/div>\n<div id=\"post_core\" readability=\"41\">\n<p>Consid\u00e9r\u00e9 comme un grand talent du centre de formation de l&rsquo;Olympique Lyonnais, le milieu offensif Rayan Cherki a affich\u00e9 de belles performances cette saison. Sans surprise, le pr\u00e9sident des Gones Jean-Michel Aulas voit d\u00e9j\u00e0 tr\u00e8s grand pour son jeune joueur: \u00ab\u00a0C&rsquo;est incontestablement un joueur qui va aller tout en haut. C&rsquo;est pourquoi nous avons fait l&rsquo;effort pour le signer. Les deux clubs int\u00e9ress\u00e9s, quand nous avons emport\u00e9 la d\u00e9cision, \u00e9taient le Real Madrid et Manchester United. Il y a la volont\u00e9 qu&rsquo;il r\u00e9ussisse avec Lyon. Nous voulons l&rsquo;accompagner et c&rsquo;est pour cela aussi que nous faisons en sorte que les choses soient progressives. Nous souhaitons avoir dans les ann\u00e9es \u00e0 venir, non seulement un leader offensif mais un leader issu de l&rsquo;acad\u00e9mie. Il a des temps de passage incomparables avec les autres joueurs\u00a0\u00bb, a appr\u00e9ci\u00e9 le patron de l&rsquo;OL pour T\u00e9l\u00e9foot et comme rapport\u00e9 par Maxifoot.fr.<\/p>\n<p><strong>Publi\u00e9 dans :<\/strong> <span>Cherki<\/span><\/p>\n<\/div>\n<p>Auteur:<br \/>\n<a href=\"http:\/\/www.lebuteur.com\/article\/detail?titre=ol-aulas-voit-tres-grand-pour-cherki&#038;id=96222&#038;utm_source=feedburner&#038;utm_medium=feed&#038;utm_campaign=Feed%3A+GalerieFArtciles+%28Les+derniers+articles++-+lebuteur.com%29\">Cliquez ici pour lire l&rsquo;article depuis sa source.<\/a><\/p>\n","protected":false},"excerpt":{"rendered":"<p>Auteur : vendredi 12 juin 2020 13:48 Consid\u00e9r\u00e9 comme un grand talent du centre de formation de l&rsquo;Olympique Lyonnais, le milieu offensif Rayan Cherki a affich\u00e9 de belles performances cette saison. Sans surprise, le pr\u00e9sident des Gones Jean-Michel Aulas voit d\u00e9j\u00e0 tr\u00e8s grand pour son jeune joueur: \u00ab\u00a0C&rsquo;est incontestablement un joueur qui va aller tout [&hellip;]<\/p>\n","protected":false},"author":1738,"featured_media":88771,"comment_status":"closed","ping_status":"closed","sticky":false,"template":"","format":"standard","meta":{"fifu_image_url":"","fifu_image_alt":"","footnotes":""},"categories":[53,75],"tags":[],"class_list":["post-88770","post","type-post","status-publish","format-standard","has-post-thumbnail","hentry","category-algerie","category-sport"],"_links":{"self":[{"href":"https:\/\/linitiative.ca\/International\/wp-json\/wp\/v2\/posts\/88770","targetHints":{"allow":["GET"]}}],"collection":[{"href":"https:\/\/linitiative.ca\/International\/wp-json\/wp\/v2\/posts"}],"about":[{"href":"https:\/\/linitiative.ca\/International\/wp-json\/wp\/v2\/types\/post"}],"author":[{"embeddable":true,"href":"https:\/\/linitiative.ca\/International\/wp-json\/wp\/v2\/users\/1738"}],"replies":[{"embeddable":true,"href":"https:\/\/linitiative.ca\/International\/wp-json\/wp\/v2\/comments?post=88770"}],"version-history":[{"count":0,"href":"https:\/\/linitiative.ca\/International\/wp-json\/wp\/v2\/posts\/88770\/revisions"}],"wp:featuredmedia":[{"embeddable":true,"href":"https:\/\/linitiative.ca\/International\/wp-json\/"}],"wp:attachment":[{"href":"https:\/\/linitiative.ca\/International\/wp-json\/wp\/v2\/media?parent=88770"}],"wp:term":[{"taxonomy":"category","embeddable":true,"href":"https:\/\/linitiative.ca\/International\/wp-json\/wp\/v2\/categories?post=88770"},{"taxonomy":"post_tag","embeddable":true,"href":"https:\/\/linitiative.ca\/International\/wp-json\/wp\/v2\/tags?post=88770"}],"curies":[{"name":"wp","href":"https:\/\/api.w.org\/{rel}","templated":true}]}}