{"id":88776,"date":"2020-06-12T15:13:19","date_gmt":"2020-06-12T19:13:19","guid":{"rendered":"https:\/\/linitiative.ca\/International\/pros-milan-ac-bennacer-titulaire-face-a-la-juventus\/"},"modified":"2020-06-12T15:13:19","modified_gmt":"2020-06-12T19:13:19","slug":"pros-milan-ac-bennacer-titulaire-face-a-la-juventus","status":"publish","type":"post","link":"https:\/\/linitiative.ca\/International\/pros-milan-ac-bennacer-titulaire-face-a-la-juventus\/","title":{"rendered":"Pros : Milan AC : Bennacer titulaire face \u00e0 la Juventus"},"content":{"rendered":"<div readability=\"32\">\n<p>Auteur : <span class=\"time\">vendredi 12 juin 2020 19:09<\/span><\/p>\n<\/div>\n<div id=\"post_core\" readability=\"79\">\n<p>Avant la demi-finale retour de Coupe d&rsquo;Italie entre la Juventus et le Milan, les formations des deux \u00e9quipes viennent toute juste d&rsquo;\u00eatre officialis\u00e9es. Les voici :<\/p>\n<p><strong>Juventus (4-3-3):<\/strong> Buffon; Danilo, de Ligt, Bonucci, Alex Sandro; Bentancur, Pjanic, Matuidi; Douglas Costa, Dybala, Ronaldo.<\/p>\n<p>Rempla\u00e7ants: Szczesny, Pinsoglio, De Sciglio, Rugani, Cuadrado, Khedira, Rabiot, Muratore, Bernardeschi, Olivieri, Zanimacchia, Vrioni.<\/p>\n<p><strong>Milan (4-2-3-1):<\/strong> G. Donnarumma; Conti, Kjaer, Romagnoli, Calabria; Kessie, Bennacer; Paqueta, Bonaventura, Calhanoglu; Rebic. Rempla\u00e7ants: Begovic, A. Donnarumma, Gabbia, Laxalt, Biglia, Brescianini, Krunic, Saelemaekers, Leao, Colombo, Olzer, Maldini<\/p>\n<p><strong>Publi\u00e9 dans :<\/strong> <span>Milan AC<\/span><\/p>\n<\/div>\n<p>Auteur:<br \/>\n<a href=\"http:\/\/www.lebuteur.com\/article\/detail?titre=milan-ac-bennacer-titulaire-face-a-la-juventus&#038;id=96225&#038;utm_source=feedburner&#038;utm_medium=feed&#038;utm_campaign=Feed%3A+GalerieFArtciles+%28Les+derniers+articles++-+lebuteur.com%29\">Cliquez ici pour lire l&rsquo;article depuis sa source.<\/a><\/p>\n","protected":false},"excerpt":{"rendered":"<p>Auteur : vendredi 12 juin 2020 19:09 Avant la demi-finale retour de Coupe d&rsquo;Italie entre la Juventus et le Milan, les formations des deux \u00e9quipes viennent toute juste d&rsquo;\u00eatre officialis\u00e9es. Les voici : Juventus (4-3-3): Buffon; Danilo, de Ligt, Bonucci, Alex Sandro; Bentancur, Pjanic, Matuidi; Douglas Costa, Dybala, Ronaldo. Rempla\u00e7ants: Szczesny, Pinsoglio, De Sciglio, Rugani, [&hellip;]<\/p>\n","protected":false},"author":1738,"featured_media":88777,"comment_status":"closed","ping_status":"closed","sticky":false,"template":"","format":"standard","meta":{"fifu_image_url":"","fifu_image_alt":"","footnotes":""},"categories":[53,75],"tags":[],"class_list":["post-88776","post","type-post","status-publish","format-standard","has-post-thumbnail","hentry","category-algerie","category-sport"],"_links":{"self":[{"href":"https:\/\/linitiative.ca\/International\/wp-json\/wp\/v2\/posts\/88776","targetHints":{"allow":["GET"]}}],"collection":[{"href":"https:\/\/linitiative.ca\/International\/wp-json\/wp\/v2\/posts"}],"about":[{"href":"https:\/\/linitiative.ca\/International\/wp-json\/wp\/v2\/types\/post"}],"author":[{"embeddable":true,"href":"https:\/\/linitiative.ca\/International\/wp-json\/wp\/v2\/users\/1738"}],"replies":[{"embeddable":true,"href":"https:\/\/linitiative.ca\/International\/wp-json\/wp\/v2\/comments?post=88776"}],"version-history":[{"count":0,"href":"https:\/\/linitiative.ca\/International\/wp-json\/wp\/v2\/posts\/88776\/revisions"}],"wp:featuredmedia":[{"embeddable":true,"href":"https:\/\/linitiative.ca\/International\/wp-json\/"}],"wp:attachment":[{"href":"https:\/\/linitiative.ca\/International\/wp-json\/wp\/v2\/media?parent=88776"}],"wp:term":[{"taxonomy":"category","embeddable":true,"href":"https:\/\/linitiative.ca\/International\/wp-json\/wp\/v2\/categories?post=88776"},{"taxonomy":"post_tag","embeddable":true,"href":"https:\/\/linitiative.ca\/International\/wp-json\/wp\/v2\/tags?post=88776"}],"curies":[{"name":"wp","href":"https:\/\/api.w.org\/{rel}","templated":true}]}}