{"id":88778,"date":"2020-06-11T15:20:00","date_gmt":"2020-06-11T19:20:00","guid":{"rendered":"https:\/\/linitiative.ca\/International\/lentrevue-du-president-de-la-republique-avec-la-presse-diffusee-vendredi-soir-a-21h\/"},"modified":"2020-06-11T15:20:00","modified_gmt":"2020-06-11T19:20:00","slug":"lentrevue-du-president-de-la-republique-avec-la-presse-diffusee-vendredi-soir-a-21h","status":"publish","type":"post","link":"https:\/\/linitiative.ca\/International\/lentrevue-du-president-de-la-republique-avec-la-presse-diffusee-vendredi-soir-a-21h\/","title":{"rendered":"L\u2019entrevue du Pr\u00e9sident de la r\u00e9publique  avec la presse diffus\u00e9e Vendredi soir \u00e0 21h"},"content":{"rendered":"<div readability=\"11\">\n<p>\u00ab\u00a0Cette entrevue sera retransmise sur les chaines nationales publiques et priv\u00e9es ainsi que sur les ondes de la Radio nationale\u00a0\u00bb, a\u00a0 ajout\u00e9 le m\u00eame communiqu\u00e9.\u00a0 Elles sera\u00a0 diffus\u00e9e Vendredi soir \u00e0 partir de 21h00. Le Chef de l\u2019Etat a abord\u00e9 diverses questions d\u2019actualit\u00e9 lors de cette\u00a0 rencontre avec la presse.<\/p>\n<p>NB \/ Reaction Web<\/p>\n<\/div>\n<p>Auteur: elmoudjahid<br \/>\n<a href=\"http:\/\/www.elmoudjahid.com\/fr\/actualites\/154780\">Cliquez ici pour lire l&rsquo;article depuis sa source.<\/a><\/p>\n","protected":false},"excerpt":{"rendered":"<p>\u00ab\u00a0Cette entrevue sera retransmise sur les chaines nationales publiques et priv\u00e9es ainsi que sur les ondes de la Radio nationale\u00a0\u00bb, a\u00a0 ajout\u00e9 le m\u00eame communiqu\u00e9.\u00a0 Elles sera\u00a0 diffus\u00e9e Vendredi soir \u00e0 partir de 21h00. Le Chef de l\u2019Etat a abord\u00e9 diverses questions d\u2019actualit\u00e9 lors de cette\u00a0 rencontre avec la presse. NB \/ Reaction Web Auteur: [&hellip;]<\/p>\n","protected":false},"author":1744,"featured_media":0,"comment_status":"closed","ping_status":"closed","sticky":false,"template":"","format":"standard","meta":{"fifu_image_url":"","fifu_image_alt":"","footnotes":""},"categories":[73,53],"tags":[],"class_list":["post-88778","post","type-post","status-publish","format-standard","hentry","category-actualite","category-algerie"],"_links":{"self":[{"href":"https:\/\/linitiative.ca\/International\/wp-json\/wp\/v2\/posts\/88778","targetHints":{"allow":["GET"]}}],"collection":[{"href":"https:\/\/linitiative.ca\/International\/wp-json\/wp\/v2\/posts"}],"about":[{"href":"https:\/\/linitiative.ca\/International\/wp-json\/wp\/v2\/types\/post"}],"author":[{"embeddable":true,"href":"https:\/\/linitiative.ca\/International\/wp-json\/wp\/v2\/users\/1744"}],"replies":[{"embeddable":true,"href":"https:\/\/linitiative.ca\/International\/wp-json\/wp\/v2\/comments?post=88778"}],"version-history":[{"count":0,"href":"https:\/\/linitiative.ca\/International\/wp-json\/wp\/v2\/posts\/88778\/revisions"}],"wp:attachment":[{"href":"https:\/\/linitiative.ca\/International\/wp-json\/wp\/v2\/media?parent=88778"}],"wp:term":[{"taxonomy":"category","embeddable":true,"href":"https:\/\/linitiative.ca\/International\/wp-json\/wp\/v2\/categories?post=88778"},{"taxonomy":"post_tag","embeddable":true,"href":"https:\/\/linitiative.ca\/International\/wp-json\/wp\/v2\/tags?post=88778"}],"curies":[{"name":"wp","href":"https:\/\/api.w.org\/{rel}","templated":true}]}}