{"id":88779,"date":"2020-06-11T15:21:02","date_gmt":"2020-06-11T19:21:02","guid":{"rendered":"https:\/\/linitiative.ca\/International\/106086-enregistrement-sonore-proces-la-lfp-se-constitue-partie-civile\/"},"modified":"2020-06-11T15:21:02","modified_gmt":"2020-06-11T19:21:02","slug":"106086-enregistrement-sonore-proces-la-lfp-se-constitue-partie-civile","status":"publish","type":"post","link":"https:\/\/linitiative.ca\/International\/106086-enregistrement-sonore-proces-la-lfp-se-constitue-partie-civile\/","title":{"rendered":"Enregistrement sonore-proc\u00e8s: la LFP se constitue partie civile"},"content":{"rendered":"<div readability=\"38\">\n<p><strong>ALGER &#8211; La Ligue de football professionnel (LFP) s\u2019est constitu\u00e9e partie civile dans l\u2019affaire de l\u2019enregistrement sonore ayant impliqu\u00e9 le directeur g\u00e9n\u00e9ral de l\u2019ES S\u00e9tif, Fahd Halfaia et le manager de joueurs Nassim Sa\u00e2daoui, mis sous mandat de d\u00e9p\u00f4t dimanche par le tribunal de Sidi M\u2019hamed (Alger), a-t-on appris jeudi de l\u2019instance dirigeante de la comp\u00e9tition.<\/strong><\/p>\n<\/div>\n<div readability=\"75.813107740179\">\n<p>\u00ab\u00a0La LFP s\u2019est officiellement constitu\u00e9e partie civile dans cette affaire. Comme je l\u2019ai dit auparavant, cet enregistrement sonore est un v\u00e9ritable scandale que nous d\u00e9non\u00e7ons avec force\u00a0\u00bb, a affirm\u00e9 \u00e0 l\u2019APS le vice-pr\u00e9sident de la LFP, Farouk Belguidoum.<\/p>\n<blockquote readability=\"13\">\n<p><em><strong>Halfaia est accus\u00e9 de corruption en vue d&rsquo;arranger des matchs de football, alors que Sa\u00e2daoui est poursuivi pour corruption en vue d&rsquo;influencer le r\u00e9sultat d&rsquo;un match, diffamation, atteinte \u00e0 la vie priv\u00e9e d&rsquo;autrui, ainsi qu&rsquo;enregistrement d&rsquo;appels t\u00e9l\u00e9phoniques sans consentement. Les deux accus\u00e9s encourent une peine allant de 2 \u00e0 10 ans d&#8217;emprisonnement, selon le procureur de la R\u00e9publique.<\/strong><\/em><\/p>\n<\/blockquote>\n<p>Lors de sa conf\u00e9rence de presse lundi, le procureur de la R\u00e9publique pr\u00e8s le tribunal de Sidi M&rsquo;hamed a indiqu\u00e9 que l&rsquo;expertise de l&rsquo;enregistrement a montr\u00e9 qu&rsquo;il s&rsquo;agit bien des voix des accus\u00e9s et que ce n&rsquo;\u00e9tait pas un montage. La comparution des diff\u00e9rentes parties li\u00e9es \u00e0 cette affaire fait suite \u00e0 la plainte contre X d\u00e9pos\u00e9e par le minist\u00e8re de la Jeunesse et des Sports (MJS).<\/p>\n<p>Le Bureau ex\u00e9cutif de la LFP a tenu jeudi une r\u00e9union, avec \u00e0 l\u2019ordre du jour plusieurs sujets, notamment cette affaire de l\u2019enregistrement sonore qui est en train de d\u00e9frayer la chronique.<\/p>\n<hr\/>\n<h3>Lire aussi:\u00a0<a href=\"http:\/\/www.aps.dz\/sport\/105984-foot-enregistrement-sonore-la-lfp-salue-la-volonte-de-la-justice-a-combattre-la-corruption\" target=\"_blank\" rel=\"noopener noreferrer\">Enregistrement sonore: la LFP salue la volont\u00e9 de la justice \u00e0 combattre la corruption<\/a><\/h3>\n<hr\/>\n<p>Par ailleurs, Belguidoum, \u00e9galement porte-parole de la LFP, a indiqu\u00e9 que la Ligue entamera \u00ab\u00a0d\u00e8s la semaine prochaine\u00a0\u00bb une s\u00e9rie de rencontres avec les clubs professionnels pour aborder le protocole sanitaire relatif \u00e0 une \u00e9ventuelle reprise du championnat, suspendu depuis le 16 mars en raison de la pand\u00e9mie du nouveau coronavirus (COVID-19).<\/p>\n<blockquote readability=\"10\">\n<p><em><strong>\u00ab\u00a0Cette rencontre ne se d\u00e9roulera pas via visioconf\u00e9rence, comme \u00e7a se fait depuis le d\u00e9but de la pand\u00e9mie. Les membres de la LFP vont se d\u00e9placer eux-m\u00eames pour rencontrer les pr\u00e9sidents de club par r\u00e9gions, et aborder ce sujet\u00a0\u00bb, a-t-il ajout\u00e9.<\/strong><\/em><\/p>\n<\/blockquote>\n<p>Enfin, Farouk Belguidoum a affirm\u00e9 que la LFP a \u00e9galement trait\u00e9 le point concernant les clubs condamn\u00e9s par la F\u00e9d\u00e9ration internationale (Fifa) \u00e0 r\u00e9gulariser financi\u00e8rement certains de leurs joueurs \u00e9trangers, ces derniers ayant recouru \u00e0 l&rsquo;instance internationale pour \u00eatre r\u00e9tablis dans leurs droits.<\/p>\n<p>\u00ab\u00a0Dans la continuit\u00e9 de la d\u00e9cision prise par la F\u00e9d\u00e9ration alg\u00e9rienne (FAF) lors de la derni\u00e8re r\u00e9union de son Bureau f\u00e9d\u00e9ral, la LFP s\u2019est attel\u00e9e sur le sujet et s\u2019est engag\u00e9e \u00e0 aider les clubs \u00e0 r\u00e9gler leur situation vis-\u00e0-vis de la Fifa\u00a0\u00bb, a-t-il conclu.<\/p>\n<\/div>\n<p>Auteur:<br \/>\n<a href=\"http:\/\/www.aps.dz\/sport\/106086-enregistrement-sonore-proces-la-lfp-se-constitue-partie-civile?utm_source=feedburner&#038;utm_medium=feed&#038;utm_campaign=Feed%3A+aps-sport+%28APS+-+SPORT%29\">Cliquez ici pour lire l&rsquo;article depuis sa source.<\/a><\/p>\n","protected":false},"excerpt":{"rendered":"<p>ALGER &#8211; La Ligue de football professionnel (LFP) s\u2019est constitu\u00e9e partie civile dans l\u2019affaire de l\u2019enregistrement sonore ayant impliqu\u00e9 le directeur g\u00e9n\u00e9ral de l\u2019ES S\u00e9tif, Fahd Halfaia et le manager de joueurs Nassim Sa\u00e2daoui, mis sous mandat de d\u00e9p\u00f4t dimanche par le tribunal de Sidi M\u2019hamed (Alger), a-t-on appris jeudi de l\u2019instance dirigeante de la [&hellip;]<\/p>\n","protected":false},"author":1790,"featured_media":0,"comment_status":"closed","ping_status":"closed","sticky":false,"template":"","format":"standard","meta":{"fifu_image_url":"","fifu_image_alt":"","footnotes":""},"categories":[53,75],"tags":[],"class_list":["post-88779","post","type-post","status-publish","format-standard","hentry","category-algerie","category-sport"],"_links":{"self":[{"href":"https:\/\/linitiative.ca\/International\/wp-json\/wp\/v2\/posts\/88779","targetHints":{"allow":["GET"]}}],"collection":[{"href":"https:\/\/linitiative.ca\/International\/wp-json\/wp\/v2\/posts"}],"about":[{"href":"https:\/\/linitiative.ca\/International\/wp-json\/wp\/v2\/types\/post"}],"author":[{"embeddable":true,"href":"https:\/\/linitiative.ca\/International\/wp-json\/wp\/v2\/users\/1790"}],"replies":[{"embeddable":true,"href":"https:\/\/linitiative.ca\/International\/wp-json\/wp\/v2\/comments?post=88779"}],"version-history":[{"count":0,"href":"https:\/\/linitiative.ca\/International\/wp-json\/wp\/v2\/posts\/88779\/revisions"}],"wp:attachment":[{"href":"https:\/\/linitiative.ca\/International\/wp-json\/wp\/v2\/media?parent=88779"}],"wp:term":[{"taxonomy":"category","embeddable":true,"href":"https:\/\/linitiative.ca\/International\/wp-json\/wp\/v2\/categories?post=88779"},{"taxonomy":"post_tag","embeddable":true,"href":"https:\/\/linitiative.ca\/International\/wp-json\/wp\/v2\/tags?post=88779"}],"curies":[{"name":"wp","href":"https:\/\/api.w.org\/{rel}","templated":true}]}}