{"id":88780,"date":"2020-06-12T08:06:28","date_gmt":"2020-06-12T12:06:28","guid":{"rendered":"https:\/\/linitiative.ca\/International\/106099-foot-faf-le-president-du-departement-integrite-connu-au-plus-tard-dans-une-semaine\/"},"modified":"2020-06-12T08:06:28","modified_gmt":"2020-06-12T12:06:28","slug":"106099-foot-faf-le-president-du-departement-integrite-connu-au-plus-tard-dans-une-semaine","status":"publish","type":"post","link":"https:\/\/linitiative.ca\/International\/106099-foot-faf-le-president-du-departement-integrite-connu-au-plus-tard-dans-une-semaine\/","title":{"rendered":"Foot\/ FAF: le pr\u00e9sident du D\u00e9partement Int\u00e9grit\u00e9 connu au plus tard dans une semaine"},"content":{"rendered":"<div>\n<div class=\"K2FeedImage\"><img decoding=\"async\" src=\"http:\/\/www.aps.dz\/media\/k2\/items\/cache\/cd57f6da09d897bfe2e9aa72b3499690_S.jpg\" alt=\"Foot\/ FAF: le pr&eacute;sident du D&eacute;partement Int&eacute;grit&eacute; connu au plus tard dans une semaine\"><\/div>\n<div class=\"K2FeedIntroText\">\n<p><strong>ALGER- La F&eacute;d&eacute;ration alg&eacute;rienne de football (FAF), d&eacute;voilera \u00ab\u00a0au plus tard dans une semaine\u00a0\u00bb, l&rsquo;identit&eacute; du pr&eacute;sident du nouveau D&eacute;partement Int&eacute;grit&eacute;, a d&eacute;clar&eacute; vendredi&nbsp; le responsable de communication de l&rsquo;instance f&eacute;d&eacute;rale Salah-Bey Aboud.<\/strong><\/p>\n<\/div>\n<div class=\"K2FeedFullText\">\n<p>\u00ab\u00a0La FAF devait installer le pr&eacute;sident du nouveau D&eacute;partement Int&eacute;grit&eacute;, mais il a &eacute;t&eacute; appel&eacute; &agrave; d&rsquo;autres fonctions au sein de l&rsquo;organisme de s&eacute;curit&eacute; auquel il appartient. Nous avons d&ucirc; alors chercher de nouveau celui qui occupera ce poste. Une chose est s&ucirc;re, l&rsquo;identit&eacute; du pr&eacute;sident sera d&eacute;voil&eacute;e au plus tard dans une semaine\u00a0\u00bb, a-t-il indiqu&eacute;.<\/p>\n<blockquote>\n<p><em><strong>L&rsquo;instance f&eacute;d&eacute;rale avait entam&eacute; depuis juillet 2019 des d&eacute;marches aupr&egrave;s de la F&eacute;d&eacute;ration internationale (Fifa) pour la cr&eacute;ation d&rsquo;un tel d&eacute;partement, avec l&rsquo;ambition de promouvoir l&rsquo;int&eacute;grit&eacute; et la protection des matches et des comp&eacute;titions du football en Alg&eacute;rie.<\/strong><\/em><\/p>\n<\/blockquote>\n<p>\u00ab\u00a0Trois candidatures ont &eacute;t&eacute; retenues pour ce poste, la FAF va choisir celui qui a le bon profil. Nous sommes &eacute;galement dans l&rsquo;attente de l&rsquo;accord de la Fifa\u00a0\u00bb, a ajout&eacute; Salah-Bey Aboud sur les ondes de la radio nationale.<\/p>\n<p>En ao&ucirc;t dernier, la FAF avait organis&eacute; des sessions et briefing au si&egrave;ge de la FAF et au Centre technique national (CTN) de Sidi Moussa au profit des membres des Commissions juridictionnelles de la f&eacute;d&eacute;ration et de la Ligue de football professionnel (LFP), des dirigeants de clubs professionnels et des arbitres internationaux, pour aborder le sujet relatif &agrave; cette nouvelle structure.<\/p>\n<blockquote>\n<p><em><strong>\u00ab\u00a0L&rsquo;&eacute;tape qui s&rsquo;en est suivie, a consist&eacute; en la recherche du profil remplissant les exigences et les qualifications li&eacute;es au poste de responsable de cette structure\u00a0\u00bb, avait soulign&eacute; l&rsquo;instance f&eacute;d&eacute;rale dans communiqu&eacute;.<\/strong><\/em><\/p>\n<\/blockquote>\n<p>&nbsp;<\/p>\n<\/div>\n<p><img loading=\"lazy\" decoding=\"async\" src=\"http:\/\/feeds.feedburner.com\/~r\/aps-sport\/~4\/4FJwbP9gjZQ\" height=\"1\" width=\"1\" alt=\"\"><\/div>\n<p>Auteur:<br \/>\n<a href=\"http:\/\/www.aps.dz\/sport\/106099-foot-faf-le-president-du-departement-integrite-connu-au-plus-tard-dans-une-semaine?utm_source=feedburner&#038;utm_medium=feed&#038;utm_campaign=Feed%3A+aps-sport+%28APS+-+SPORT%29\">Cliquez ici pour lire l&rsquo;article depuis sa source.<\/a><\/p>\n","protected":false},"excerpt":{"rendered":"<p>ALGER- La F&eacute;d&eacute;ration alg&eacute;rienne de football (FAF), d&eacute;voilera \u00ab\u00a0au plus tard dans une semaine\u00a0\u00bb, l&rsquo;identit&eacute; du pr&eacute;sident du nouveau D&eacute;partement Int&eacute;grit&eacute;, a d&eacute;clar&eacute; vendredi&nbsp; le responsable de communication de l&rsquo;instance f&eacute;d&eacute;rale Salah-Bey Aboud. \u00ab\u00a0La FAF devait installer le pr&eacute;sident du nouveau D&eacute;partement Int&eacute;grit&eacute;, mais il a &eacute;t&eacute; appel&eacute; &agrave; d&rsquo;autres fonctions au sein de l&rsquo;organisme [&hellip;]<\/p>\n","protected":false},"author":1790,"featured_media":88781,"comment_status":"closed","ping_status":"closed","sticky":false,"template":"","format":"standard","meta":{"fifu_image_url":"","fifu_image_alt":"","footnotes":""},"categories":[53,75],"tags":[],"class_list":["post-88780","post","type-post","status-publish","format-standard","has-post-thumbnail","hentry","category-algerie","category-sport"],"_links":{"self":[{"href":"https:\/\/linitiative.ca\/International\/wp-json\/wp\/v2\/posts\/88780","targetHints":{"allow":["GET"]}}],"collection":[{"href":"https:\/\/linitiative.ca\/International\/wp-json\/wp\/v2\/posts"}],"about":[{"href":"https:\/\/linitiative.ca\/International\/wp-json\/wp\/v2\/types\/post"}],"author":[{"embeddable":true,"href":"https:\/\/linitiative.ca\/International\/wp-json\/wp\/v2\/users\/1790"}],"replies":[{"embeddable":true,"href":"https:\/\/linitiative.ca\/International\/wp-json\/wp\/v2\/comments?post=88780"}],"version-history":[{"count":0,"href":"https:\/\/linitiative.ca\/International\/wp-json\/wp\/v2\/posts\/88780\/revisions"}],"wp:featuredmedia":[{"embeddable":true,"href":"https:\/\/linitiative.ca\/International\/wp-json\/"}],"wp:attachment":[{"href":"https:\/\/linitiative.ca\/International\/wp-json\/wp\/v2\/media?parent=88780"}],"wp:term":[{"taxonomy":"category","embeddable":true,"href":"https:\/\/linitiative.ca\/International\/wp-json\/wp\/v2\/categories?post=88780"},{"taxonomy":"post_tag","embeddable":true,"href":"https:\/\/linitiative.ca\/International\/wp-json\/wp\/v2\/tags?post=88780"}],"curies":[{"name":"wp","href":"https:\/\/api.w.org\/{rel}","templated":true}]}}