{"id":88789,"date":"2020-06-12T13:51:00","date_gmt":"2020-06-12T17:51:00","guid":{"rendered":"https:\/\/linitiative.ca\/International\/ghediri-innocente-dans-laffaire-dintelligence-avec-letranger\/"},"modified":"2020-06-12T13:51:00","modified_gmt":"2020-06-12T17:51:00","slug":"ghediri-innocente-dans-laffaire-dintelligence-avec-letranger","status":"publish","type":"post","link":"https:\/\/linitiative.ca\/International\/ghediri-innocente-dans-laffaire-dintelligence-avec-letranger\/","title":{"rendered":"Ghediri innocent\u00e9 dans l\u2019affaire \u2018\u2019d\u2019intelligence avec l\u2019\u00e9tranger\u2019\u2019"},"content":{"rendered":"<p><br id=\"sep_para_1\" class=\"sep_para access\"\/><\/p>\n<div id=\"para_1\" class=\"para_37416540 resize\">\n<div class=\"texte access firstletter\">Le g\u00e9n\u00e9ral \u00e0 la retraite Ali Ghediri\u00a0 et ex-candidat \u00e0 la pr\u00e9sidentielle avort\u00e9e d\u2019avril 2019, a \u00e9t\u00e9 innocent\u00e9 du chef d\u2019accusation \u00abintelligence avec l\u2019\u00e9tranger \u00bb, retenant un\u00a0 seul chef d\u2019inculpation \u00e0 savoir : \u00ab entreprise de d\u00e9moralisation de l\u2019arm\u00e9e \u00bb,\u00a0 a rapport\u00e9 une source m\u00e9diatique. En effet, selon la m\u00eame source,\u00a0\u00a0 la chambre d\u2019accusation de la Cour d\u2019Alger, qui a examin\u00e9 mercredi son affaire, a d\u00e9cid\u00e9 de retirer le chef d\u2019accusation \u00abintelligence avec l\u2019\u00e9tranger et remise de documents \u00e0 un Etat \u00e9tranger visant \u00e0 porter atteinte \u00e0 la d\u00e9fense nationale et \u00e0 l\u2019\u00e9conomie nationale\u00bb. Le dossier d\u2019Ali Ghediri, vient d\u2019\u00eatre transf\u00e9r\u00e9 au tribunal p\u00e9nal qui va probablement programmer son proc\u00e8s dans les semaines ou mois \u00e0 venir, ajoute la m\u00eame source. Pour rappel, Ali Ghediri, candidat aux \u00e9lections pr\u00e9sidentielles d\u2019avril 2019 annul\u00e9es, a \u00e9t\u00e9 arr\u00eat\u00e9 et plac\u00e9 sous mandat de d\u00e9p\u00f4t en juin de l\u2019ann\u00e9e pass\u00e9e.<\/div>\n<\/div>\n<p>Auteur: R\u00e9flexion<br \/>\n<a href=\"https:\/\/www.reflexiondz.net\/Ghediri-innocente-dans-l-affaire-d-intelligence-avec-l-etranger_a63319.html\">Cliquez ici pour lire l&rsquo;article depuis sa source.<\/a><\/p>\n","protected":false},"excerpt":{"rendered":"<p>Le g\u00e9n\u00e9ral \u00e0 la retraite Ali Ghediri\u00a0 et ex-candidat \u00e0 la pr\u00e9sidentielle avort\u00e9e d\u2019avril 2019, a \u00e9t\u00e9 innocent\u00e9 du chef d\u2019accusation \u00abintelligence avec l\u2019\u00e9tranger \u00bb, retenant un\u00a0 seul chef d\u2019inculpation \u00e0 savoir : \u00ab entreprise de d\u00e9moralisation de l\u2019arm\u00e9e \u00bb,\u00a0 a rapport\u00e9 une source m\u00e9diatique. En effet, selon la m\u00eame source,\u00a0\u00a0 la chambre d\u2019accusation de [&hellip;]<\/p>\n","protected":false},"author":1740,"featured_media":0,"comment_status":"closed","ping_status":"closed","sticky":false,"template":"","format":"standard","meta":{"fifu_image_url":"","fifu_image_alt":"","footnotes":""},"categories":[53,76],"tags":[],"class_list":["post-88789","post","type-post","status-publish","format-standard","hentry","category-algerie","category-regions"],"_links":{"self":[{"href":"https:\/\/linitiative.ca\/International\/wp-json\/wp\/v2\/posts\/88789","targetHints":{"allow":["GET"]}}],"collection":[{"href":"https:\/\/linitiative.ca\/International\/wp-json\/wp\/v2\/posts"}],"about":[{"href":"https:\/\/linitiative.ca\/International\/wp-json\/wp\/v2\/types\/post"}],"author":[{"embeddable":true,"href":"https:\/\/linitiative.ca\/International\/wp-json\/wp\/v2\/users\/1740"}],"replies":[{"embeddable":true,"href":"https:\/\/linitiative.ca\/International\/wp-json\/wp\/v2\/comments?post=88789"}],"version-history":[{"count":0,"href":"https:\/\/linitiative.ca\/International\/wp-json\/wp\/v2\/posts\/88789\/revisions"}],"wp:attachment":[{"href":"https:\/\/linitiative.ca\/International\/wp-json\/wp\/v2\/media?parent=88789"}],"wp:term":[{"taxonomy":"category","embeddable":true,"href":"https:\/\/linitiative.ca\/International\/wp-json\/wp\/v2\/categories?post=88789"},{"taxonomy":"post_tag","embeddable":true,"href":"https:\/\/linitiative.ca\/International\/wp-json\/wp\/v2\/tags?post=88789"}],"curies":[{"name":"wp","href":"https:\/\/api.w.org\/{rel}","templated":true}]}}