{"id":88790,"date":"2020-06-12T14:16:00","date_gmt":"2020-06-12T18:16:00","guid":{"rendered":"https:\/\/linitiative.ca\/International\/naama-saisie-de-plus-de-8-quintaux-de-kif-traite\/"},"modified":"2020-06-12T14:16:00","modified_gmt":"2020-06-12T18:16:00","slug":"naama-saisie-de-plus-de-8-quintaux-de-kif-traite","status":"publish","type":"post","link":"https:\/\/linitiative.ca\/International\/naama-saisie-de-plus-de-8-quintaux-de-kif-traite\/","title":{"rendered":"NAAMA : Saisie de plus de 8 quintaux de kif trait\u00e9"},"content":{"rendered":"<p><br id=\"sep_para_1\" class=\"sep_para access\"\/><\/p>\n<div id=\"para_1\" class=\"para_37416799 resize\">\n<div class=\"photo shadow left\"><a href=\"javascript:void(0)\" rel=\"https:\/\/www.reflexiondz.net\/photo\/art\/grande\/47162186-37416799.jpg?v=1591987035&amp;ibox\" title=\"NAAMA : Saisie de plus de 8 quintaux de kif trait\u00e9\"><img decoding=\"async\" class=\"responsive c9\" src=\"https:\/\/www.reflexiondz.net\/photo\/art\/grande\/47162186-37416799.jpg?v=1591987035\" alt=\"NAAMA : Saisie de plus de 8 quintaux de kif trait\u00e9\" title=\"NAAMA : Saisie de plus de 8 quintaux de kif trait\u00e9\"\/><img decoding=\"async\" class=\"not-responsive\" src=\"https:\/\/www.reflexiondz.net\/photo\/art\/default\/47162186-37416799.jpg?v=1591987036\" alt=\"NAAMA : Saisie de plus de 8 quintaux de kif trait\u00e9\" title=\"NAAMA : Saisie de plus de 8 quintaux de kif trait\u00e9\"\/><\/a><\/div>\n<div class=\"texte access firstletter\">Plus de huit (8) quintaux de kif trait\u00e9 ont \u00e9t\u00e9 saisis \u00e0 Na\u00e2ma par un d\u00e9tachement combin\u00e9 de l&rsquo;Arm\u00e9e nationale populaire (ANP), a indiqu\u00e9 jeudi un communiqu\u00e9 du minist\u00e8re de la D\u00e9fense nationale (MDN). \u00ab\u00a0Dans le cadre de la lutte contre la contrebande et la criminalit\u00e9 organis\u00e9e et dans la dynamique des efforts inlassables visant \u00e0 endiguer la propagation du fl\u00e9au de narcotrafic dans notre pays, un d\u00e9tachement combin\u00e9 de l&rsquo;ANP a saisi, le 9 juin 2020, une grande quantit\u00e9 de kif trait\u00e9 s&rsquo;\u00e9levant \u00e0 huit (08) quintaux et neuf (09) kilogrammes, et ce, lors d&rsquo;une patrouille de recherche men\u00e9e pr\u00e8s de la zone frontali\u00e8re de Djenni\u00e8ne Bourezg, wilaya de Na\u00e2ma en 2\u00e8me\u00a0 R\u00e9gion Militaire\u00a0\u00bb, pr\u00e9cise la m\u00eame source. Dans le m\u00eame contexte, des d\u00e9tachements combin\u00e9s de l&rsquo;ANP \u00ab\u00a0ont intercept\u00e9, suite \u00e0 des op\u00e9rations distinctes men\u00e9es \u00e0 Relizane en 2\u00e8me\u00a0 R\u00e9gion Militaire, B\u00e9char en 3\u00e8me\u00a0 R\u00e9gion Militaire et Mila en 5e R\u00e9gion Militaire, quatre (4) narcotrafiquants et saisi 10,25 kilogrammes de kif trait\u00e9, 23579 comprim\u00e9s psychotropes, alors que des \u00e9l\u00e9ments de la Gendarmerie nationale ont appr\u00e9hend\u00e9, \u00e0 Guelma, S\u00e9tif (5\u00e8me RM), El-Oued (4\u00e8me RM) et Bechar (3\u00e8me RM), cinq (5) dealers.<\/div>\n<\/div>\n<p>Auteur: Nadine<br \/>\n<a href=\"https:\/\/www.reflexiondz.net\/NAAMA-Saisie-de-plus-de-8-quintaux-de-kif-traite_a63322.html\">Cliquez ici pour lire l&rsquo;article depuis sa source.<\/a><\/p>\n","protected":false},"excerpt":{"rendered":"<p>Plus de huit (8) quintaux de kif trait\u00e9 ont \u00e9t\u00e9 saisis \u00e0 Na\u00e2ma par un d\u00e9tachement combin\u00e9 de l&rsquo;Arm\u00e9e nationale populaire (ANP), a indiqu\u00e9 jeudi un communiqu\u00e9 du minist\u00e8re de la D\u00e9fense nationale (MDN). \u00ab\u00a0Dans le cadre de la lutte contre la contrebande et la criminalit\u00e9 organis\u00e9e et dans la dynamique des efforts inlassables visant [&hellip;]<\/p>\n","protected":false},"author":1740,"featured_media":0,"comment_status":"closed","ping_status":"closed","sticky":false,"template":"","format":"standard","meta":{"fifu_image_url":"","fifu_image_alt":"","footnotes":""},"categories":[53,76],"tags":[],"class_list":["post-88790","post","type-post","status-publish","format-standard","hentry","category-algerie","category-regions"],"_links":{"self":[{"href":"https:\/\/linitiative.ca\/International\/wp-json\/wp\/v2\/posts\/88790","targetHints":{"allow":["GET"]}}],"collection":[{"href":"https:\/\/linitiative.ca\/International\/wp-json\/wp\/v2\/posts"}],"about":[{"href":"https:\/\/linitiative.ca\/International\/wp-json\/wp\/v2\/types\/post"}],"author":[{"embeddable":true,"href":"https:\/\/linitiative.ca\/International\/wp-json\/wp\/v2\/users\/1740"}],"replies":[{"embeddable":true,"href":"https:\/\/linitiative.ca\/International\/wp-json\/wp\/v2\/comments?post=88790"}],"version-history":[{"count":0,"href":"https:\/\/linitiative.ca\/International\/wp-json\/wp\/v2\/posts\/88790\/revisions"}],"wp:attachment":[{"href":"https:\/\/linitiative.ca\/International\/wp-json\/wp\/v2\/media?parent=88790"}],"wp:term":[{"taxonomy":"category","embeddable":true,"href":"https:\/\/linitiative.ca\/International\/wp-json\/wp\/v2\/categories?post=88790"},{"taxonomy":"post_tag","embeddable":true,"href":"https:\/\/linitiative.ca\/International\/wp-json\/wp\/v2\/tags?post=88790"}],"curies":[{"name":"wp","href":"https:\/\/api.w.org\/{rel}","templated":true}]}}