{"id":88793,"date":"2020-06-12T06:00:00","date_gmt":"2020-06-12T10:00:00","guid":{"rendered":"https:\/\/linitiative.ca\/International\/les-etablissements-publics-de-sante-a-lheure-du-covid-19-analyse-preliminaire-des-risques-apr\/"},"modified":"2020-06-12T06:00:00","modified_gmt":"2020-06-12T10:00:00","slug":"les-etablissements-publics-de-sante-a-lheure-du-covid-19-analyse-preliminaire-des-risques-apr","status":"publish","type":"post","link":"https:\/\/linitiative.ca\/International\/les-etablissements-publics-de-sante-a-lheure-du-covid-19-analyse-preliminaire-des-risques-apr\/","title":{"rendered":"Les \u00e9tablissements publics de sant\u00e9 \u00e0 l&rsquo;heure du Covid-19: Analyse Pr\u00e9liminaire des Risques (APR)"},"content":{"rendered":"<p><img decoding=\"async\" src=\"\/uploads\/FCK_files\/Ines_ZRIBI.jpg\" width=\"20%\" vspace=\"5\" hspace=\"5\" align=\"left\" alt=\"\"\/>La culture des risques et de la s\u00e9curit\u00e9 n\u2019est devenue une th\u00e9matique \u00e0 \u00e9tudier que depuis peu de temps. Cela est d\u2019autant vrai dans le domaine de la sant\u00e9 et particuli\u00e8rement dans les \u00e9tablissements de sant\u00e9 ou chez les professionnels de sant\u00e9. D\u2019un point de vue de la gestion des risques, un d\u00e9calage important existe entre ce qui se passe dans les \u00e9tablissements de sant\u00e9 dans la pratique et le cadre normatif ou r\u00e9glementaire. Aussi, diverses \u00e9tudes montrent le caract\u00e8re fr\u00e9quent, des fois, grave, globalement \u00e9vitable, des \u00e9v\u00e9nements ind\u00e9sirables associ\u00e9s aux soins apparaissant en \u00e9tablissement de sant\u00e9. La cause de ces \u00e9v\u00e9nements est souvent li\u00e9e \u00e0 des d\u00e9fauts d\u2019organisation, d\u2019une insuffisance ou d\u2019un manque de culture commune de s\u00e9curit\u00e9.<\/p>\n<p>Une d\u00e9marche de gestion des risques vise \u00e0 assurer la s\u00e9curit\u00e9 des patients, diminuer le risque tout en mesurant l\u2019occurrence d\u2019\u00e9v\u00e8nements ind\u00e9sirables associ\u00e9s aux actes de soins Cette d\u00e9marche est guid\u00e9e au moyen d\u2019une politique institutionnelle et d\u2019un programme d\u2019actions \u00e9tabli selon les risques sp\u00e9cifiques de l\u2019\u00e9tablissement de sant\u00e9 et les priorit\u00e9s retenues.<\/p>\n<p>Con\u00e7u comme une \u00e9tude pratique, ce travail s&rsquo;inscrit dans un espace lieu pr\u00e9cis \u00ab\u00a0L\u2019\u00e9tablissement public de sant\u00e9\u00a0\u00bb et dans un espace-temps pr\u00e9cis allant de l&rsquo;arriv\u00e9e du patient suspect ou confirm\u00e9 Covid-19 \u00e0 l\u2019h\u00f4pital public \u00e0 la sortie de celui -ci.<\/p>\n<p>Ce parti pris de lieu et de temps se justifie par la volont\u00e9 d&rsquo;\u00e9tablir une cartographie des risques dans cet espace qui est l\u2019\u00e9tablissement public de sant\u00e9 o\u00f9 se convergent de nombreux processus et o\u00f9 se c\u00f4toient de multiples acteurs qui participent au bon d\u00e9roulement de l&rsquo;acte de soin ou \u00e9ventuellement conduisent \u00e0 la survenue d\u2019un \u00e9v\u00e9nement ind\u00e9sirable de gravit\u00e9 variable.<\/p>\n<p>C&rsquo;est, d\u00e9lib\u00e9r\u00e9ment, et sans ignorer leur importance dans le bon d\u00e9roulement de la lutte contre la propagation du Covid-19 que les mesures prises par le gouvernement depuis l&rsquo;annonce du premier cas confirm\u00e9 Covid-19 le 02 mars 2020 autre que les mesures sp\u00e9cifiques aux \u00e9tablissements publics de sant\u00e9 ne seront pas abord\u00e9es ici. Ce sont les segments du processus de prise en charge du patient qui seront examin\u00e9s. Cependant, on ne s&rsquo;interdira pas d\u2019\u00e9voquer les autres mesures autant que de besoin, tant il est vrai que la prise en charge d\u2019un patient confirm\u00e9 infect\u00e9 par le Covid19 renvoie \u00e0 analyser d\u2019autres mesures.<\/p>\n<p><a href=\"\/uploads\/FCK_files\/Etablissement%20publics%20de%20sant%C3%A9_gestion%20des%20risques%20Covid%2019%20Version_Finale.pdf\" target=\"_blank\" rel=\"noopener noreferrer\">T\u00e9l\u00e9charger document<\/a><\/p>\n<p class=\"c3\"><strong>In\u00e8s Zribi<\/strong><br \/><span class=\"c2\"><em>Juge chercheur<br \/>Centre des \u00e9tudes juridiques et judiciaires<br \/>Ma\u00eetre-assistante vacataire au d\u00e9partement Droit public<br \/>Facult\u00e9 des sciences juridiques, politiques et sociales Tunis<\/em><\/span><br \/>\u00a0<\/p>\n<p>Auteur:<br \/>\n<a href=\"https:\/\/www.leaders.com.tn\/article\/30100-les-etablissements-publics-de-sante-risques-covid-19-cartographie-et-gestion-analyse-preliminaire-des-risques-apr\">Cliquez ici pour lire l&rsquo;article depuis sa source.<\/a><\/p>\n","protected":false},"excerpt":{"rendered":"<p>La culture des risques et de la s\u00e9curit\u00e9 n\u2019est devenue une th\u00e9matique \u00e0 \u00e9tudier que depuis peu de temps. Cela est d\u2019autant vrai dans le domaine de la sant\u00e9 et particuli\u00e8rement dans les \u00e9tablissements de sant\u00e9 ou chez les professionnels de sant\u00e9. D\u2019un point de vue de la gestion des risques, un d\u00e9calage important existe [&hellip;]<\/p>\n","protected":false},"author":1772,"featured_media":88794,"comment_status":"closed","ping_status":"closed","sticky":false,"template":"","format":"standard","meta":{"fifu_image_url":"","fifu_image_alt":"","footnotes":""},"categories":[73,55],"tags":[],"class_list":["post-88793","post","type-post","status-publish","format-standard","has-post-thumbnail","hentry","category-actualite","category-tunisie"],"_links":{"self":[{"href":"https:\/\/linitiative.ca\/International\/wp-json\/wp\/v2\/posts\/88793","targetHints":{"allow":["GET"]}}],"collection":[{"href":"https:\/\/linitiative.ca\/International\/wp-json\/wp\/v2\/posts"}],"about":[{"href":"https:\/\/linitiative.ca\/International\/wp-json\/wp\/v2\/types\/post"}],"author":[{"embeddable":true,"href":"https:\/\/linitiative.ca\/International\/wp-json\/wp\/v2\/users\/1772"}],"replies":[{"embeddable":true,"href":"https:\/\/linitiative.ca\/International\/wp-json\/wp\/v2\/comments?post=88793"}],"version-history":[{"count":0,"href":"https:\/\/linitiative.ca\/International\/wp-json\/wp\/v2\/posts\/88793\/revisions"}],"wp:featuredmedia":[{"embeddable":true,"href":"https:\/\/linitiative.ca\/International\/wp-json\/"}],"wp:attachment":[{"href":"https:\/\/linitiative.ca\/International\/wp-json\/wp\/v2\/media?parent=88793"}],"wp:term":[{"taxonomy":"category","embeddable":true,"href":"https:\/\/linitiative.ca\/International\/wp-json\/wp\/v2\/categories?post=88793"},{"taxonomy":"post_tag","embeddable":true,"href":"https:\/\/linitiative.ca\/International\/wp-json\/wp\/v2\/tags?post=88793"}],"curies":[{"name":"wp","href":"https:\/\/api.w.org\/{rel}","templated":true}]}}