{"id":88796,"date":"2020-06-12T07:40:00","date_gmt":"2020-06-12T11:40:00","guid":{"rendered":"https:\/\/linitiative.ca\/International\/exclusif-les-revelations-de-thouraya-jeribi-ministre-de-la-justice-et-des-droits-de-lhomme-video\/"},"modified":"2020-06-12T07:40:00","modified_gmt":"2020-06-12T11:40:00","slug":"exclusif-les-revelations-de-thouraya-jeribi-ministre-de-la-justice-et-des-droits-de-lhomme-video","status":"publish","type":"post","link":"https:\/\/linitiative.ca\/International\/exclusif-les-revelations-de-thouraya-jeribi-ministre-de-la-justice-et-des-droits-de-lhomme-video\/","title":{"rendered":"Exclusif &#8211; Les r\u00e9v\u00e9lations de Thouraya Jeribi, ministre de la Justice et des Droits de l\u2019Homme (Vid\u00e9o)"},"content":{"rendered":"<p><span class=\"c2\"><strong><em>Par Fatma Hentati &#8211;<\/em><\/strong><\/span> <em>\u00abL\u2019ind\u00e9pendance de la justice ne signifie pas auto-gouvernance pour les juges\u00bb<\/em>. D\u2019une voix ferme mais courtoise, la ministre de la Justice et des Droits de l\u2019Homme, Thouraya Jeribi, est sans concession. \u00ab Il est important de distinguer, explique-t-elle \u00e0 <span class=\"c3\"><strong>Leaders<\/strong><\/span>, entre le fonctionnement de la justice et l\u2019organisation du syst\u00e8me judiciaire. Ce dernier comprend non seulement les magistrats, mais aussi les greffiers, les agents publics, les huissiers et les huissiers-notaires experts.\u00bb<\/p>\n<p><em>\u00abL\u2019ind\u00e9pendance de la magistrature, affirme la ministre, n\u2019est pas un privil\u00e8ge pour les juges mais un moyen indispensable pour garantir une justice \u00e9quitable, neutre et impartiale. Toutes les d\u00e9cisions se rapportant \u00e0 la carri\u00e8re des magistrats doivent in\u00e9luctablement reposer sur le m\u00e9rite, l\u2019int\u00e9grit\u00e9, la comp\u00e9tence et l\u2019efficacit\u00e9 puisque le juge ne doit ob\u00e9ir qu\u2019\u00e0 la loi, sa conscience et son intime conviction en conformit\u00e9 \u00e0 l\u2019ordonnancement juridique en vigueur.\u00bb<\/em><\/p>\n<p class=\"c4\"><iframe loading=\"lazy\" src=\"https:\/\/www.youtube.com\/embed\/bDm1s8ARra4\" allow=\"accelerometer; autoplay; encrypted-media; gyroscope; picture-in-picture\" allowfullscreen=\"\" width=\"560\" height=\"315\" frameborder=\"0\">[embedded content]<\/iframe><\/p>\n<p>Revendiquant pleinement l\u2019\u00e9tendue de ses pouvoirs, elle rappelle que <em>\u00abl\u00e9galement et effectivement, le ministre de la Justice est le pr\u00e9sident du parquet en vertu de l\u2019article 23 du code de proc\u00e9dure p\u00e9nale et l\u2019article 15 de la loi relative \u00e0 l\u2019organisation judiciaire, au Conseil sup\u00e9rieur de la magistrature et au statut de la magistrature.\u00bb<\/em> M\u00eame si elle rappelle qu\u2019en respect de l\u2019ind\u00e9pendance de la justice, nulles instructions sp\u00e9cifiques ne peuvent \u00eatre donn\u00e9es au parquet. <em>\u00abLe minist\u00e8re, souligne Mme Jeribi, agit \u00e0 pr\u00e9sent \u00e0 travers des notes g\u00e9n\u00e9rales au parquet, ce qui permet de tenir compte de la n\u00e9cessit\u00e9 d\u2019une politique p\u00e9nale coh\u00e9rente et harmonieuse sur l\u2019ensemble du territoire, tout en respectant les imp\u00e9ratifs de l\u2019ind\u00e9pendance de la justice.\u00bb<\/em>\u00a0 Et de reconna\u00eetre que \u00ab la question du degr\u00e9 de l\u2019effectivit\u00e9 de ces notes, compte tenu du fait que la nomination et l\u2019\u00e9valuation des membres du parquet ne d\u00e9pendent nullement du minist\u00e8re de la Justice \u00bb, reste pos\u00e9e.<\/p>\n<p>Tour \u00e0 tour, r\u00e9pondant aux questions de <span class=\"c3\"><strong>Leaders<\/strong><\/span>, la ministre de la Justice et des Droits de l\u2019Homme indiquera, au titre de la lutte contre la malversation, que plus de 1 100 affaires ont \u00e9t\u00e9 trait\u00e9es par le p\u00f4le judiciaire \u00e9conomique et financier. De plus, l\u2019exp\u00e9rience des proc\u00e8s \u00e0 distance sera \u00e9largie, dans la droite ligne de l\u2019introduction des TIC, la num\u00e9risation des t\u00e2ches, l\u2019adoption de la signature \u00e9lectronique et autres (plus de 5 000 ordinateurs acquis, et une infrastructure technologique d\u00e9ploy\u00e9e).\u00a0<\/p>\n<p class=\"c4\"><img loading=\"lazy\" decoding=\"async\" src=\"\/uploads\/FCK_files\/Fatma.jpg\" alt=\"\" width=\"700\" vspace=\"5\" hspace=\"5\" height=\"504\" align=\"middle\"\/><\/p>\n<p>Par ailleurs, l\u2019exp\u00e9rience des bureaux de probation favorisant l\u2019accompagnement des d\u00e9tenus en vue de leur r\u00e9insertion sociale et professionnelle, \u00e9tendue \u00e0 13 autres \u00e9tablissements de d\u00e9tention, les peines alternatives qui ont b\u00e9n\u00e9fici\u00e9 \u00e0 plus de 2 300 condamn\u00e9s acceptant d\u2019accomplir des travaux d\u2019utilit\u00e9 publique, sont encourag\u00e9es. De m\u00eame, l\u2019am\u00e9lioration des conditions de d\u00e9tention porte sur l\u2019augmentation de l\u2019espace d\u00e9di\u00e9 \u00e0 chaque d\u00e9tenu, la construction de nouvelles unit\u00e9s et la modernisation des autres.<\/p>\n<p>Reste la grande question de la Cour constitutionnelle qui tarde \u00e0 \u00eatre form\u00e9e. La ministre Jeribi rappelle qu\u2019un projet a \u00e9t\u00e9 soumis \u00e0 l\u2019ARP depuis 2018 portant amendement de quelques articles de la loi organique de 2015, quant \u00e0 l\u2019absence du quorum n\u00e9cessaire.<\/p>\n<p><em>\u00abSi le blocage persiste au sein du parlement, d\u00e9clare la ministre, je consid\u00e8re personnellement que nous serons dans la situation des \u00abformalit\u00e9s impossibles\u00bb. Cette th\u00e9orie appliqu\u00e9e par la jurisprudence permet de passer outre. Clairement, je propose que le Conseil sup\u00e9rieur de la magistrature et le pr\u00e9sident de la R\u00e9publique prennent l\u2019initiative de d\u00e9signer chacun quatre membres, ce qui fera au total neuf membres, puisque l\u2019ARP avait r\u00e9ussi \u00e0 \u00e9lire un seul membre. Et puisque le quorum exig\u00e9 est de deux tiers des membres, la Cour constitutionnelle pourrait d\u00e9marrer ses travaux en attendant l\u2019\u00e9lection par le parlement des trois membres restants.\u00bb<\/em><\/p>\n<p>Auteur:<br \/>\n<a href=\"https:\/\/www.leaders.com.tn\/article\/30095-thouraya-jeribi-ministre-de-la-justice-et-des-droits-de-l-homme-les-revelations-d-un-programme\">Cliquez ici pour lire l&rsquo;article depuis sa source.<\/a><\/p>\n","protected":false},"excerpt":{"rendered":"<p>Par Fatma Hentati &#8211; \u00abL\u2019ind\u00e9pendance de la justice ne signifie pas auto-gouvernance pour les juges\u00bb. D\u2019une voix ferme mais courtoise, la ministre de la Justice et des Droits de l\u2019Homme, Thouraya Jeribi, est sans concession. \u00ab Il est important de distinguer, explique-t-elle \u00e0 Leaders, entre le fonctionnement de la justice et l\u2019organisation du syst\u00e8me judiciaire. [&hellip;]<\/p>\n","protected":false},"author":1772,"featured_media":88797,"comment_status":"closed","ping_status":"closed","sticky":false,"template":"","format":"standard","meta":{"fifu_image_url":"","fifu_image_alt":"","footnotes":""},"categories":[73,55],"tags":[],"class_list":["post-88796","post","type-post","status-publish","format-standard","has-post-thumbnail","hentry","category-actualite","category-tunisie"],"_links":{"self":[{"href":"https:\/\/linitiative.ca\/International\/wp-json\/wp\/v2\/posts\/88796","targetHints":{"allow":["GET"]}}],"collection":[{"href":"https:\/\/linitiative.ca\/International\/wp-json\/wp\/v2\/posts"}],"about":[{"href":"https:\/\/linitiative.ca\/International\/wp-json\/wp\/v2\/types\/post"}],"author":[{"embeddable":true,"href":"https:\/\/linitiative.ca\/International\/wp-json\/wp\/v2\/users\/1772"}],"replies":[{"embeddable":true,"href":"https:\/\/linitiative.ca\/International\/wp-json\/wp\/v2\/comments?post=88796"}],"version-history":[{"count":0,"href":"https:\/\/linitiative.ca\/International\/wp-json\/wp\/v2\/posts\/88796\/revisions"}],"wp:featuredmedia":[{"embeddable":true,"href":"https:\/\/linitiative.ca\/International\/wp-json\/"}],"wp:attachment":[{"href":"https:\/\/linitiative.ca\/International\/wp-json\/wp\/v2\/media?parent=88796"}],"wp:term":[{"taxonomy":"category","embeddable":true,"href":"https:\/\/linitiative.ca\/International\/wp-json\/wp\/v2\/categories?post=88796"},{"taxonomy":"post_tag","embeddable":true,"href":"https:\/\/linitiative.ca\/International\/wp-json\/wp\/v2\/tags?post=88796"}],"curies":[{"name":"wp","href":"https:\/\/api.w.org\/{rel}","templated":true}]}}