{"id":88799,"date":"2020-06-12T10:11:00","date_gmt":"2020-06-12T14:11:00","guid":{"rendered":"https:\/\/linitiative.ca\/International\/paddy-ohara-nouveau-directeur-de-developpement-des-affaires-de-epson-emear\/"},"modified":"2020-06-12T10:11:00","modified_gmt":"2020-06-12T14:11:00","slug":"paddy-ohara-nouveau-directeur-de-developpement-des-affaires-de-epson-emear","status":"publish","type":"post","link":"https:\/\/linitiative.ca\/International\/paddy-ohara-nouveau-directeur-de-developpement-des-affaires-de-epson-emear\/","title":{"rendered":"Paddy O\u2019Hara nouveau directeur de d\u00e9veloppement des affaires de Epson EMEAR"},"content":{"rendered":"<p>Le leader mondial de l\u2019impression et de l&rsquo;imagerie num\u00e9rique Epson, a annonc\u00e9 fi\u00e8rement la nomination de Paddy O\u2019Hara au poste de directeur de d\u00e9veloppement des affaires. M. O\u2019Hara sera responsable du d\u00e9veloppement de l\u2019activit\u00e9 de fabrication de t\u00eates d&rsquo;impression externe, r\u00e9cemment lanc\u00e9es par Epson, pour ses clients en Europe, au Moyen-Orient, en Afrique et en Russie. Un projet que la compagnie a lanc\u00e9 en 2019, propose aujourd\u2019hui une large gamme de t\u00eates d&rsquo;impression en haute qualit\u00e9, respectueuse de l\u2019environnement et \u00e0 prix comp\u00e9titif.<\/p>\n<p>Fort de ses 20 ans d\u2019exp\u00e9riences, Paddy O\u2019Hara apporte avec lui un grand savoir-faire qu\u2019il a acquis en travaillant pour plusieurs entreprises de renomm\u00e9e internationale telles que Xaar, Industrial inkjet, ou encore, Konica Minolta.<\/p>\n<p>Duncan Ferguson, Vice-pr\u00e9sident des ventes pour Epson Europe, a d\u00e9clar\u00e9 \u00ab Nous sommes ravis d\u2019accueillir Paddy O\u2019Hara au sein de notre entreprise. Nous sommes convaincus qu\u2019il r\u00e9ussira \u00e0 mettre \u00e0 profit la grande exp\u00e9rience dont il dispose sur le march\u00e9 des t\u00eates d\u2019impression industrielles en Europe, au Moyen-Orient, en Afrique et en Russie. \u00bb<\/p>\n<p>\u00ab Son savoir-faire en la mati\u00e8re contribuera certainement \u00e0 accro\u00eetre la demande et \u00e0 forger de nouvelles relations avec les partenaires OEM de la r\u00e9gion. \u00bb a-t-il ajout\u00e9.<\/p>\n<p>Epson cherche \u00e0 \u00e9largir les horizons de l&rsquo;impression num\u00e9rique avec des impacts environnementaux bien moins dangereux que les op\u00e9rations d&rsquo;impression conventionnelles. Avec l&rsquo;ouverture de ses nouvelles installations de fabrication de t\u00eates d&rsquo;impression dans la r\u00e9gion d&rsquo;Hiroka au Japon, la soci\u00e9t\u00e9 s&rsquo;efforce d\u00e9sormais d&rsquo;acc\u00e9l\u00e9rer l&rsquo;innovation en mati\u00e8re de jet d&rsquo;encre en d\u00e9veloppant l&rsquo;activit\u00e9 de produits finis et en augmentant les ventes externes de t\u00eates d&rsquo;impression gr\u00e2ce \u00e0 de nouveaux partenariats strat\u00e9giques.<\/p>\n<p class=\"c2\">Epson continuera d&rsquo;investir dans la technologie Precision Core de t\u00eates d&rsquo;impression optimis\u00e9es pour les applications commerciales et industrielles et de cr\u00e9er de nouveaux march\u00e9s en adoptant l&rsquo;innovation ouverte dans un portefeuille diversifi\u00e9 et croissant d&rsquo;applications d&rsquo;impression et dans des domaines \u00e9mergents tels que l&rsquo;\u00e9lectronique et la bio-impression.<br \/>\u00a0<\/p>\n<p>Auteur:<br \/>\n<a href=\"https:\/\/www.leaders.com.tn\/article\/30103-paddy-o-hara-nouveau-directeur-de-developpement-des-affaires-de-epson-emear\">Cliquez ici pour lire l&rsquo;article depuis sa source.<\/a><\/p>\n","protected":false},"excerpt":{"rendered":"<p>Le leader mondial de l\u2019impression et de l&rsquo;imagerie num\u00e9rique Epson, a annonc\u00e9 fi\u00e8rement la nomination de Paddy O\u2019Hara au poste de directeur de d\u00e9veloppement des affaires. M. O\u2019Hara sera responsable du d\u00e9veloppement de l\u2019activit\u00e9 de fabrication de t\u00eates d&rsquo;impression externe, r\u00e9cemment lanc\u00e9es par Epson, pour ses clients en Europe, au Moyen-Orient, en Afrique et en [&hellip;]<\/p>\n","protected":false},"author":1772,"featured_media":0,"comment_status":"closed","ping_status":"closed","sticky":false,"template":"","format":"standard","meta":{"fifu_image_url":"","fifu_image_alt":"","footnotes":""},"categories":[73,55],"tags":[],"class_list":["post-88799","post","type-post","status-publish","format-standard","hentry","category-actualite","category-tunisie"],"_links":{"self":[{"href":"https:\/\/linitiative.ca\/International\/wp-json\/wp\/v2\/posts\/88799","targetHints":{"allow":["GET"]}}],"collection":[{"href":"https:\/\/linitiative.ca\/International\/wp-json\/wp\/v2\/posts"}],"about":[{"href":"https:\/\/linitiative.ca\/International\/wp-json\/wp\/v2\/types\/post"}],"author":[{"embeddable":true,"href":"https:\/\/linitiative.ca\/International\/wp-json\/wp\/v2\/users\/1772"}],"replies":[{"embeddable":true,"href":"https:\/\/linitiative.ca\/International\/wp-json\/wp\/v2\/comments?post=88799"}],"version-history":[{"count":0,"href":"https:\/\/linitiative.ca\/International\/wp-json\/wp\/v2\/posts\/88799\/revisions"}],"wp:attachment":[{"href":"https:\/\/linitiative.ca\/International\/wp-json\/wp\/v2\/media?parent=88799"}],"wp:term":[{"taxonomy":"category","embeddable":true,"href":"https:\/\/linitiative.ca\/International\/wp-json\/wp\/v2\/categories?post=88799"},{"taxonomy":"post_tag","embeddable":true,"href":"https:\/\/linitiative.ca\/International\/wp-json\/wp\/v2\/tags?post=88799"}],"curies":[{"name":"wp","href":"https:\/\/api.w.org\/{rel}","templated":true}]}}