{"id":88800,"date":"2020-06-12T15:08:16","date_gmt":"2020-06-12T19:08:16","guid":{"rendered":"https:\/\/linitiative.ca\/International\/gouvernance-au-burkina\/"},"modified":"2020-06-12T15:08:16","modified_gmt":"2020-06-12T19:08:16","slug":"gouvernance-au-burkina","status":"publish","type":"post","link":"https:\/\/linitiative.ca\/International\/gouvernance-au-burkina\/","title":{"rendered":"GOUVERNANCE AU BURKINA"},"content":{"rendered":"<div class=\"stream-item stream-item-above-post-content\">\n<p><noscript><\/p>\n<p><a href=\"\/\/www3.smartadserver.com\/ac?jump=1&amp;nwid=2136&amp;siteid=240610&amp;pgname=rg&amp;fmtid=49046&amp;visit=m&amp;tmstp=[timestamp]&amp;out=nonrich\" target=\"_blank\" rel=\"noopener noreferrer\"><img decoding=\"async\" src=\"http:\/\/www3.smartadserver.com\/ac?out=nonrich&amp;nwid=2136&amp;siteid=240610&amp;pgname=rg&amp;fmtid=49046&amp;visit=m&amp;tmstp=[timestamp]\" border=\"0\" alt=\"\"\/><\/a><\/p>\n<p><\/noscript><\/div>\n<p class=\"c3\"><strong><em>Les r\u00e9sultats du \u00a0sondage \u00ab\u00a0Pr\u00e9sim\u00e8tre\u00a0\u00bb de juin 2020 ont \u00e9t\u00e9 d\u00e9voil\u00e9s aux Hommes de m\u00e9dias, lors d\u2019un point de presse tenu \u00e0 Ouagadougou, le 11 juin 2020. Ce programme qui vise, entre autres objectifs, la consolidation de la culture d\u00e9mocratique, est port\u00e9 par l\u2019ONG Diakonia et soutenu par un r\u00e9seau d\u2019organisations de la soci\u00e9t\u00e9 civile, notamment le Centre pour la gouvernance d\u00e9mocratique (CGD). Cette trouvaille a permis, \u00e0 travers la perception des citoyens sur la gestion globale du pays, d\u2019attribuer la note de 4,53\/10 au pr\u00e9sident du Faso, Roch Kabor\u00e9.<\/em><\/strong><\/p>\n<p class=\"c3\"><em>La note de la gouvernance globale du pr\u00e9sident du Faso, Roch Kabor\u00e9, pour la p\u00e9riode de juin 2020, est d\u00e9sormais connue. R\u00e9alis\u00e9 du 1er au 10 juin 2020, avec un \u00e9chantillon de 2 506 personnes \u00e2g\u00e9es de 18 \u00e0 35 ans et plus, ce \u00abPr\u00e9sim\u00e8tre\u00a0\u00bb, probablement le dernier avant l\u2019\u00e9lection pr\u00e9sidentielle de 2020, a permis aux citoyens, sur la base de leur appr\u00e9ciation, d\u2019attribuer la note de 4,53\/10 au chef de l\u2019Etat sur sa gestion globale du navire Burkina. De 5,2\/10 en juin 2017, le pr\u00e9sident du Faso est tomb\u00e9 \u00e0 4,53\/10 en juin 2020, soit une baisse de 0,67 points. Cette note a \u00e9t\u00e9 d\u00e9voil\u00e9e au cours d\u2019une conf\u00e9rence de presse, aux Hommes de m\u00e9dias dans la matin\u00e9e du 11 juin, \u00e0 Ouagadougou. Cette note s\u2019explique-t-elle\u00a0? Thomas Ou\u00e9draogo, directeur ex\u00e9cutif du CGD, nous en dit plus\u00a0:\u00a0\u00ab\u00a0Les citoyens sont beaucoup plus s\u00e9v\u00e8res par rapport \u00e0 ceux qui les gouvernent. L\u2019action publique, malheureusement, expose \u00e0 des al\u00e9as. Entre autres al\u00e9as, c\u2019est d\u2019accepter certaines critiques qui peuvent vous aider \u00e0 vous am\u00e9liorer. Cette note n\u2019est pas aussi catastrophique, car c\u2019est l\u00e9g\u00e8rement en dessous de la moyenne. Et on conna\u00eet le contexte que notre pays traverse, avec toutes les attentes des citoyens vis-\u00e0-vis leurs dirigeants\u00bb. Cette note qui est l\u2019agr\u00e9gation de celles des citoyens du milieu rural et urbain, met en \u00e9vidence le fait que celle des villes (4,41\/10) est plus s\u00e9v\u00e8re que la note du milieu rural (4,53\/10). \u00ab\u00a0Si vous consid\u00e9rez la note comme une note scolaire, on peut dire qu\u2019elle est insuffisante. Mais si on l\u2019analyse sous l\u2019angle des attentes des populations, on peut dire que les demandes sont plus fortes que l\u2019offre aujourd\u2019hui\u00a0\u00bb, a indiqu\u00e9 Thomas Ou\u00e9draogo. Cette note d\u00e9coule d\u2019une insatisfaction des citoyens interrog\u00e9s sur l\u2019action du pr\u00e9sident du Faso (voir en encadr\u00e9 1, l\u2019appr\u00e9ciation de quelques actions). Mais pour Serge Th\u00e9ophile Balima, administrateur au CGD, ces r\u00e9sultats d\u00e9montrent que les Burkinab\u00e8 sont responsables et pond\u00e9r\u00e9s dans leurs jugements. \u00ab\u00a0Nous n\u2019avons pas un peuple surexcit\u00e9. Et notre d\u00e9mocratie est globalement apais\u00e9e. M\u00eame si la dimension subjective citoyenne est l\u00e9gitime, on peut dire que ce sont des appr\u00e9ciations qui sont mod\u00e9r\u00e9es dans l\u2019ensemble\u00a0\u00bb, a-t-il ajout\u00e9. Et de justifier cet \u00e9tat de fait\u00a0en ces termes:\u00a0\u00ab\u00a0 C\u2019est d\u2019ailleurs le reflet de la presse. Parce que je trouve que la presse elle-m\u00eame, produit des contenus r\u00e9fl\u00e9chis\u00a0\u00bb.<\/em><\/p>\n<p class=\"c3\"><strong><em>38,9% des personnes sond\u00e9es ont d\u00e9clar\u00e9 avoir le sentiment que le respect des droits de l\u2019Homme s\u2019est am\u00e9lior\u00e9<\/em><\/strong><\/p>\n<p class=\"c3\"><em>Il ressort de ce sondage que 33% des personnes sond\u00e9es sont satisfaites des actions de Roch Kabor\u00e9. Et 63%, repr\u00e9sentant les personnes insatisfaites, justifient leur appr\u00e9ciation par le fait que le chef de l\u2019Etat h\u00e9rite d\u2019un lourd passif qui ne peut \u00eatre r\u00e9gl\u00e9 en cinq ans. Ils ont aussi justifi\u00e9 cela par le manque de fermet\u00e9 quand il le faut, par le fait que le pr\u00e9sident du Faso n\u2019arrive pas \u00e0 se hisser au-dessus des consid\u00e9rations politiques et n\u2019arrive pas, selon ces citoyens, \u00e0 mettre l\u2019homme qu\u2019il faut \u00e0 la place qu\u2019il faut. Entre autres domaines o\u00f9 les personnes interrog\u00e9es sont les plus insatisfaites, ceux de la lutte contre la vie ch\u00e8re, la lutte contre la corruption, la promotion de la \u00ab\u00a0m\u00e9ritocratie\u00a0\u00bb, l\u2019apaisement de la fronde sociale, la r\u00e9duction du train de vie de l\u2019Etat et la lutte contre l\u2019ins\u00e9curit\u00e9. Sur ce dernier point, il ressort que 56,2% sont insatisfaits mais avec 39,8% de personnes confiantes quant \u00e0 la tenue de l\u2019engagement du chef supr\u00eame des arm\u00e9es de faire des Forces de d\u00e9fense, une institution forte. Une institution sur laquelle p\u00e8sent depuis le d\u00e9clenchement de la lutte contre le terrorisme, des soup\u00e7ons de non-respect des droits de l\u2019Homme. D\u2019ailleurs, ce sondage r\u00e9v\u00e8le que 38,9% des personnes sond\u00e9es ont d\u00e9clar\u00e9 avoir le sentiment que le respect des droits de l\u2019Homme s\u2019est am\u00e9lior\u00e9. Par contre, ceux qui connaissent les moyens de recours en cas de violation des droits de l\u2019Homme, repr\u00e9sentent 46,5% de l\u2019\u00e9chantillon concern\u00e9 par cette \u00e9tude.<\/em><\/p>\n<p class=\"c3\"><strong><em>Le sondage a montr\u00e9 que la CENI a une cote de confiance de 51,4% en 2020<\/em><\/strong><\/p>\n<p class=\"c3\"><em>Autre sujet sur lequel les populations ont donn\u00e9 leur point de vue \u00e0 travers ce sondage du CGD et de l\u2019ONG Diakonia, est l\u2019\u00e9pineuse question des \u00e9lections \u00e0 venir. Selon ce sondage, une majorit\u00e9 \u00e9crasante des personnes interrog\u00e9es (73,4%) sont certaines qu\u2019elles iront voter. Mais le pourcentage des personnes qui ne veulent pas voter est en hausse, passant de 6,9% en 2019 \u00e0 12,1% en 2020. 29% d\u2019entre elles pensent que les \u00e9lections ne changeront rien \u00e0 leur quotidien. Dans ce m\u00eame registre, le sondage a montr\u00e9 que la Commission \u00e9lectorale nationale ind\u00e9pendante (CENI) a une cote de confiance de 51,4% en 2020, comparativement \u00e0 celle de 2019 qui \u00e9tait inf\u00e9rieure \u00e0 ce pourcentage. De cette \u00e9tude, l\u2019on retient aussi, toujours concernant les \u00e9lections, que 64,9% des personnes interrog\u00e9es, ne savent pas qui voter pour le moment. Mais l\u2019ensemble des personnes qui ont particip\u00e9 au sondage, ont donn\u00e9 le portrait-robot du pr\u00e9sident id\u00e9al (voir encadr\u00e9 2). D\u2019autres institutions ont aussi \u00e9t\u00e9 appr\u00e9ci\u00e9es (voir encadr\u00e9 3). Toutes les cotes de confiance de ces institutions sont en hausse, comparativement \u00e0 celles de 2019.<\/em> <em>Dans ce sondage d\u00e9voil\u00e9 \u00e0 quelques mois des \u00e9ch\u00e9ances \u00e9lectorales, viennent en t\u00eate, en termes de priorit\u00e9s, les questions s\u00e9curitaire et sanitaire. Si ces questions semblent \u00eatre la priorit\u00e9 des priorit\u00e9s, l\u2019\u00e9tude montre que la cr\u00e9ation d\u2019un gouvernement d\u2019union nationale est le premier pr\u00e9alable pour aller \u00e0 la r\u00e9conciliation nationale, selon ces citoyens. Alors que le sondage de 2019 mettait, quant \u00e0 lui, l\u2019accent sur le retour des exil\u00e9s politiques. Avec ce contexte mondial o\u00f9 l\u2019or se porte de mieux en mieux, 34,6% des citoyens pensent que l\u2019exploitation des mines n\u2019enrichit que les soci\u00e9t\u00e9s mini\u00e8res tandis que 17,1% pensent plut\u00f4t le contraire.<\/em><\/p>\n<p class=\"c3\"><strong><em>Boureima KINDO<\/em><\/strong><\/p>\n<p class=\"c3\"><strong><em>Depuis l\u2019arriv\u00e9e de Roch Kabor\u00e9 au pouvoir<\/em><\/strong><\/p>\n<p class=\"c3\"><em>*les actions qui ont beaucoup plu \u00a0aux citoyens :<\/em><br \/><em>-infrastructures routi\u00e8res\u00a0;<\/em><br \/><em>-gratuit\u00e9 des soins\u00a0;<\/em><br \/><em>-\u00e9lectricit\u00e9\u00a0: r\u00e9duction des d\u00e9lestages, promotion de l\u2019\u00e9nergie solaire\u00a0;<\/em><br \/><em>-la valorisation des produits locaux notamment le Faso Dan Fani\u00a0;<\/em><br \/><em>-la gestion du Covid-19\u00a0: gratuit\u00e9 de l\u2019eau et de l\u2019\u00e9lectricit\u00e9 pour les tranches sociales, cession des salaires des autorit\u00e9s\u00a0;<\/em><br \/><em>-la libert\u00e9 d\u2019expression.<\/em><\/p>\n<p class=\"c3\"><strong><em>*Les actions qui n\u2019ont pas du tout plu aux citoyens\u00a0:<\/em><\/strong><\/p>\n<p class=\"c3\"><em>-la gestion de la situation s\u00e9curitaire\u00a0;<\/em><br \/><em>-le manque de fermet\u00e9 et le laxisme dans la gestion de l\u2019Etat\u00a0;<\/em><br \/><em>-les promesses de campagne non tenues sans autres pr\u00e9cisions\u00a0;<\/em><br \/><em>-la corruption galopante\u00a0;<\/em><br \/><em>-le libertinage\u00a0: trop de libert\u00e9 dans le pays\u00a0;<\/em><br \/><em>-le choix des collaborateurs.<\/em><\/p>\n<p><strong><em>Source\u00a0: le sondage<\/em><\/strong><\/p>\n<p class=\"c3\"><strong><em>Le portrait-robot du pr\u00e9sident id\u00e9al<\/em><\/strong><\/p>\n<p class=\"c3\"><em>\u2013 Un homme honn\u00eate, courageux, respectueux de la r\u00e8gle de droit\u00a0;<\/em><br \/><em>-un homme qui sait manier efficacement le b\u00e2ton et la carotte\u00a0;<\/em><br \/><em>-un homme qui redonne au peuple la nostalgie du patriotisme\u00a0;<\/em><br \/><em>-un homme qui sait restaurer l\u2019autorit\u00e9 de l\u2019Etat\u00a0;<\/em><br \/><em>-un homme qui rassemble.<\/em><\/p>\n<p class=\"c3\"><strong><em>Source\u00a0: le sondage<\/em><\/strong><\/p>\n<p class=\"c3\"><strong><em>La cote de confiance aux autres institutions en 2020<\/em><\/strong><\/p>\n<p class=\"c3\"><em>-la Justice\u00a0: 47,3%<\/em><br \/><em>-le Parlement\u00a0: 38,9%<\/em><br \/><em>-le gouvernement\u00a0: 38,2%<\/em><br \/><em>-les partis politiques\u00a0: 31,3%<\/em><br \/><em>-ONI\u00a0: 59,2%<\/em><br \/><em>-Conseils municipaux\u00a0: 43,9%<\/em><br \/><em>-OSC\u00a0: 48,3%<\/em><\/p>\n<p class=\"c3\"><strong><em>Source\u00a0: le sondage<\/em><\/strong><\/p>\n<p>Auteur: Le Pays<br \/>\n<a href=\"http:\/\/lepays.bf\/gouvernance-au-burkina-4\/\">Cliquez ici pour lire l&rsquo;article depuis sa source.<\/a><\/p>\n","protected":false},"excerpt":{"rendered":"<p>Les r\u00e9sultats du \u00a0sondage \u00ab\u00a0Pr\u00e9sim\u00e8tre\u00a0\u00bb de juin 2020 ont \u00e9t\u00e9 d\u00e9voil\u00e9s aux Hommes de m\u00e9dias, lors d\u2019un point de presse tenu \u00e0 Ouagadougou, le 11 juin 2020. Ce programme qui vise, entre autres objectifs, la consolidation de la culture d\u00e9mocratique, est port\u00e9 par l\u2019ONG Diakonia et soutenu par un r\u00e9seau d\u2019organisations de la soci\u00e9t\u00e9 civile, [&hellip;]<\/p>\n","protected":false},"author":1813,"featured_media":0,"comment_status":"closed","ping_status":"closed","sticky":false,"template":"","format":"standard","meta":{"fifu_image_url":"","fifu_image_alt":"","footnotes":""},"categories":[73,81],"tags":[],"class_list":["post-88800","post","type-post","status-publish","format-standard","hentry","category-actualite","category-burkina-faso"],"_links":{"self":[{"href":"https:\/\/linitiative.ca\/International\/wp-json\/wp\/v2\/posts\/88800","targetHints":{"allow":["GET"]}}],"collection":[{"href":"https:\/\/linitiative.ca\/International\/wp-json\/wp\/v2\/posts"}],"about":[{"href":"https:\/\/linitiative.ca\/International\/wp-json\/wp\/v2\/types\/post"}],"author":[{"embeddable":true,"href":"https:\/\/linitiative.ca\/International\/wp-json\/wp\/v2\/users\/1813"}],"replies":[{"embeddable":true,"href":"https:\/\/linitiative.ca\/International\/wp-json\/wp\/v2\/comments?post=88800"}],"version-history":[{"count":0,"href":"https:\/\/linitiative.ca\/International\/wp-json\/wp\/v2\/posts\/88800\/revisions"}],"wp:attachment":[{"href":"https:\/\/linitiative.ca\/International\/wp-json\/wp\/v2\/media?parent=88800"}],"wp:term":[{"taxonomy":"category","embeddable":true,"href":"https:\/\/linitiative.ca\/International\/wp-json\/wp\/v2\/categories?post=88800"},{"taxonomy":"post_tag","embeddable":true,"href":"https:\/\/linitiative.ca\/International\/wp-json\/wp\/v2\/tags?post=88800"}],"curies":[{"name":"wp","href":"https:\/\/api.w.org\/{rel}","templated":true}]}}