{"id":88804,"date":"2020-06-12T09:06:34","date_gmt":"2020-06-12T13:06:34","guid":{"rendered":"https:\/\/linitiative.ca\/International\/23e-prix-galian-ouverture-des-souscriptions-pour-loctroi-des-prix-speciaux\/"},"modified":"2020-06-12T09:06:34","modified_gmt":"2020-06-12T13:06:34","slug":"23e-prix-galian-ouverture-des-souscriptions-pour-loctroi-des-prix-speciaux","status":"publish","type":"post","link":"https:\/\/linitiative.ca\/International\/23e-prix-galian-ouverture-des-souscriptions-pour-loctroi-des-prix-speciaux\/","title":{"rendered":"23e prix galian : Ouverture des souscriptions pour l\u2019octroi des prix sp\u00e9ciaux."},"content":{"rendered":"<div class=\"td-post-sharing-top td-post-sharing td-ps-bg td-ps-padding td-ps-bar td-post-sharing-style6\">\n<div class=\"td-post-sharing-visible\"><a class=\"td-social-sharing-button td-social-sharing-button-js td-social-network td-social-facebook\" href=\"https:\/\/www.facebook.com\/sharer.php?u=https%3A%2F%2Fwww.sidwaya.info%2Fblog%2F2020%2F06%2F12%2F23e-prix-galian-ouverture-des-souscriptions-pour-loctroi-des-prix-speciaux%2F\"\/><\/p>\n<p>Facebook<\/p>\n<p><a class=\"td-social-sharing-button td-social-sharing-button-js td-social-network td-social-twitter\" href=\"https:\/\/twitter.com\/intent\/tweet?text=23e+prix+galian+%3A+Ouverture+des+souscriptions+pour+l%E2%80%99octroi+des+prix+sp%C3%A9ciaux.&amp;url=https%3A%2F%2Fwww.sidwaya.info%2Fblog%2F2020%2F06%2F12%2F23e-prix-galian-ouverture-des-souscriptions-pour-loctroi-des-prix-speciaux%2F&amp;via=Quotidien+Sidwaya\"\/><\/p>\n<p>Twitter<\/p>\n<p><a class=\"td-social-sharing-button td-social-sharing-button-js td-social-network td-social-pinterest\" href=\"https:\/\/pinterest.com\/pin\/create\/button\/?url=https:\/\/www.sidwaya.info\/blog\/2020\/06\/12\/23e-prix-galian-ouverture-des-souscriptions-pour-loctroi-des-prix-speciaux\/&amp;media=https:\/\/www.sidwaya.info\/wp-content\/uploads\/2020\/06\/GALIAN-SPECIAUX.jpg&amp;description=23e+prix+galian+%3A+Ouverture+des+souscriptions+pour+l%E2%80%99octroi+des+prix+sp%C3%A9ciaux.\"\/><\/p>\n<p>Pinterest<\/p>\n<p><a class=\"td-social-sharing-button td-social-sharing-button-js td-social-network td-social-whatsapp\" href=\"whatsapp:\/\/send?text=23e+prix+galian+%3A+Ouverture+des+souscriptions+pour+l%E2%80%99octroi+des+prix+sp%C3%A9ciaux.%20%0A%0A%20https:\/\/www.sidwaya.info\/blog\/2020\/06\/12\/23e-prix-galian-ouverture-des-souscriptions-pour-loctroi-des-prix-speciaux\/\"\/><\/p>\n<p>WhatsApp<\/p>\n<p><a class=\"td-social-sharing-button td-social-sharing-button-js td-social-network td-social-linkedin\" href=\"https:\/\/www.linkedin.com\/shareArticle?mini=true&amp;url=https:\/\/www.sidwaya.info\/blog\/2020\/06\/12\/23e-prix-galian-ouverture-des-souscriptions-pour-loctroi-des-prix-speciaux\/&amp;title=23e+prix+galian+%3A+Ouverture+des+souscriptions+pour+l%E2%80%99octroi+des+prix+sp%C3%A9ciaux.\"\/><\/p>\n<p>Linkedin<\/p>\n<p><a class=\"td-social-sharing-button td-social-sharing-button-js td-social-network td-social-mail\" href=\"mailto:?subject=23e%20prix%20galian%20:%20Ouverture%20des%20souscriptions%20pour%20l%E2%80%99octroi%20des%20prix%20sp%C3%A9ciaux.&amp;body=https:\/\/www.sidwaya.info\/blog\/2020\/06\/12\/23e-prix-galian-ouverture-des-souscriptions-pour-loctroi-des-prix-speciaux\/\"\/><\/p>\n<p>Email<\/p>\n<p><a class=\"td-social-sharing-button td-social-sharing-button-js td-social-network td-social-print\" href=\"#\"\/><\/p>\n<p>Print<\/p>\n<p><a class=\"td-social-sharing-button td-social-sharing-button-js td-social-network td-social-tumblr\" href=\"https:\/\/www.tumblr.com\/share\/link?url=https:\/\/www.sidwaya.info\/blog\/2020\/06\/12\/23e-prix-galian-ouverture-des-souscriptions-pour-loctroi-des-prix-speciaux\/&amp;name=23e%20prix%20galian%20:%20Ouverture%20des%20souscriptions%20pour%20l%E2%80%99octroi%20des%20prix%20sp%C3%A9ciaux.\"\/><\/p>\n<p>Tumblr<\/p>\n<p><a class=\"td-social-sharing-button td-social-sharing-button-js td-social-network td-social-telegram\" href=\"https:\/\/telegram.me\/share\/url?url=https:\/\/www.sidwaya.info\/blog\/2020\/06\/12\/23e-prix-galian-ouverture-des-souscriptions-pour-loctroi-des-prix-speciaux\/&amp;text=23e+prix+galian+%3A+Ouverture+des+souscriptions+pour+l%E2%80%99octroi+des+prix+sp%C3%A9ciaux.\"\/><\/p>\n<p>Telegram<\/p>\n<p><a class=\"td-social-sharing-button td-social-sharing-button-js td-social-network td-social-viber\" href=\"viber:\/\/forward?text=23e+prix+galian+%3A+Ouverture+des+souscriptions+pour+l%E2%80%99octroi+des+prix+sp%C3%A9ciaux.%20https:\/\/www.sidwaya.info\/blog\/2020\/06\/12\/23e-prix-galian-ouverture-des-souscriptions-pour-loctroi-des-prix-speciaux\/\"\/><\/p>\n<p>Viber<\/p>\n<p><a class=\"td-social-sharing-button td-social-sharing-button-js td-social-network td-social-naver\" href=\"https:\/\/share.naver.com\/web\/shareView.nhn?url=https:\/\/www.sidwaya.info\/blog\/2020\/06\/12\/23e-prix-galian-ouverture-des-souscriptions-pour-loctroi-des-prix-speciaux\/&amp;title=23e+prix+galian+%3A+Ouverture+des+souscriptions+pour+l%E2%80%99octroi+des+prix+sp%C3%A9ciaux.\"\/><\/p>\n<p>Naver<\/p>\n<\/div>\n<\/div>\n<div class=\"td-post-content tagdiv-type\" readability=\"35\">\n<div class=\"td-post-featured-image\"><a href=\"https:\/\/www.sidwaya.info\/wp-content\/uploads\/2020\/06\/GALIAN-SPECIAUX.jpg\" data-caption=\"\"><img loading=\"lazy\" decoding=\"async\" width=\"305\" height=\"282\" class=\"entry-thumb td-modal-image\" src=\"https:\/\/www.sidwaya.info\/wp-content\/uploads\/2020\/06\/GALIAN-SPECIAUX.jpg\" srcset=\"https:\/\/www.sidwaya.info\/wp-content\/uploads\/2020\/06\/GALIAN-SPECIAUX.jpg 305w, https:\/\/www.sidwaya.info\/wp-content\/uploads\/2020\/06\/GALIAN-SPECIAUX-300x277.jpg 300w\" sizes=\"auto, (max-width: 305px) 100vw, 305px\" alt=\"\" title=\"GALIAN SPECIAUX\"\/><\/a><\/div>\n<p>23<sup>e<\/sup> prix Galian\u00a0: Le minist\u00e8re en charge de la communication informe les institutions et organisations non gouvernementales de l\u2019ouverture des souscriptions pour l\u2019octroi des prix sp\u00e9ciaux pour r\u00e9compenser le m\u00e9rite des professionnels des corps de m\u00e9tiers de l\u2019information. Chaque donateur peut octroyer un ou plusieurs.<\/p>\n<p><img loading=\"lazy\" decoding=\"async\" class=\"alignnone size-medium wp-image-23233\" src=\"https:\/\/www.sidwaya.info\/wp-content\/uploads\/2020\/06\/Communiqu\u00e9-prix-sp\u00e9ciaux-Galian-2020-2-1-212x300.jpg\" alt=\"\" width=\"212\" height=\"300\" srcset=\"https:\/\/www.sidwaya.info\/wp-content\/uploads\/2020\/06\/Communiqu&#xE9;-prix-sp&#xE9;ciaux-Galian-2020-2-1-212x300.jpg 212w, https:\/\/www.sidwaya.info\/wp-content\/uploads\/2020\/06\/Communiqu&#xE9;-prix-sp&#xE9;ciaux-Galian-2020-2-1-724x1024.jpg 724w, https:\/\/www.sidwaya.info\/wp-content\/uploads\/2020\/06\/Communiqu&#xE9;-prix-sp&#xE9;ciaux-Galian-2020-2-1-768x1086.jpg 768w, https:\/\/www.sidwaya.info\/wp-content\/uploads\/2020\/06\/Communiqu&#xE9;-prix-sp&#xE9;ciaux-Galian-2020-2-1-696x984.jpg 696w, https:\/\/www.sidwaya.info\/wp-content\/uploads\/2020\/06\/Communiqu&#xE9;-prix-sp&#xE9;ciaux-Galian-2020-2-1-297x420.jpg 297w, https:\/\/www.sidwaya.info\/wp-content\/uploads\/2020\/06\/Communiqu&#xE9;-prix-sp&#xE9;ciaux-Galian-2020-2-1.jpg 900w\" sizes=\"auto, (max-width: 212px) 100vw, 212px\"\/><\/p>\n<div class=\"td-a-rec td-a-rec-id-content_bottom tdi_30_b7b td_block_template_1\"><img loading=\"lazy\" decoding=\"async\" class=\"aligncenter size-full wp-image-22415\" src=\"https:\/\/www.sidwaya.info\/wp-content\/uploads\/2020\/05\/Bandeau-paiement-mobile-site.png\" alt=\"\" width=\"728\" height=\"90\"\/><\/div>\n<\/div>\n<footer>\n<div class=\"td-post-sharing-bottom\">\n<p><iframe frameborder=\"0\" src=\"https:\/\/www.facebook.com\/plugins\/like.php?href=https:\/\/www.sidwaya.info\/blog\/2020\/06\/12\/23e-prix-galian-ouverture-des-souscriptions-pour-loctroi-des-prix-speciaux\/&amp;layout=button_count&amp;show_faces=false&amp;width=105&amp;action=like&amp;colorscheme=light&amp;height=21\" class=\"c1\">[embedded content]<\/iframe><\/p>\n<div id=\"td_social_sharing_article_bottom\" class=\"td-post-sharing td-ps-bg td-ps-padding td-post-sharing-style7\">\n<div class=\"td-post-sharing-visible\"><a class=\"td-social-sharing-button td-social-sharing-button-js td-social-network td-social-facebook\" href=\"https:\/\/www.facebook.com\/sharer.php?u=https%3A%2F%2Fwww.sidwaya.info%2Fblog%2F2020%2F06%2F12%2F23e-prix-galian-ouverture-des-souscriptions-pour-loctroi-des-prix-speciaux%2F\"\/><\/p>\n<p>Facebook<\/p>\n<p><a class=\"td-social-sharing-button td-social-sharing-button-js td-social-network td-social-twitter\" href=\"https:\/\/twitter.com\/intent\/tweet?text=23e+prix+galian+%3A+Ouverture+des+souscriptions+pour+l%E2%80%99octroi+des+prix+sp%C3%A9ciaux.&amp;url=https%3A%2F%2Fwww.sidwaya.info%2Fblog%2F2020%2F06%2F12%2F23e-prix-galian-ouverture-des-souscriptions-pour-loctroi-des-prix-speciaux%2F&amp;via=Quotidien+Sidwaya\"\/><\/p>\n<p>Twitter<\/p>\n<p><a class=\"td-social-sharing-button td-social-sharing-button-js td-social-network td-social-pinterest\" href=\"https:\/\/pinterest.com\/pin\/create\/button\/?url=https:\/\/www.sidwaya.info\/blog\/2020\/06\/12\/23e-prix-galian-ouverture-des-souscriptions-pour-loctroi-des-prix-speciaux\/&amp;media=https:\/\/www.sidwaya.info\/wp-content\/uploads\/2020\/06\/GALIAN-SPECIAUX.jpg&amp;description=23e+prix+galian+%3A+Ouverture+des+souscriptions+pour+l%E2%80%99octroi+des+prix+sp%C3%A9ciaux.\"\/><\/p>\n<p>Pinterest<\/p>\n<p><a class=\"td-social-sharing-button td-social-sharing-button-js td-social-network td-social-whatsapp\" href=\"whatsapp:\/\/send?text=23e+prix+galian+%3A+Ouverture+des+souscriptions+pour+l%E2%80%99octroi+des+prix+sp%C3%A9ciaux.%20%0A%0A%20https:\/\/www.sidwaya.info\/blog\/2020\/06\/12\/23e-prix-galian-ouverture-des-souscriptions-pour-loctroi-des-prix-speciaux\/\"\/><\/p>\n<p>WhatsApp<\/p>\n<p><a class=\"td-social-sharing-button td-social-sharing-button-js td-social-network td-social-linkedin\" href=\"https:\/\/www.linkedin.com\/shareArticle?mini=true&amp;url=https:\/\/www.sidwaya.info\/blog\/2020\/06\/12\/23e-prix-galian-ouverture-des-souscriptions-pour-loctroi-des-prix-speciaux\/&amp;title=23e+prix+galian+%3A+Ouverture+des+souscriptions+pour+l%E2%80%99octroi+des+prix+sp%C3%A9ciaux.\"\/><\/p>\n<p>Linkedin<\/p>\n<p><a class=\"td-social-sharing-button td-social-sharing-button-js td-social-network td-social-mail\" href=\"mailto:?subject=23e%20prix%20galian%20:%20Ouverture%20des%20souscriptions%20pour%20l%E2%80%99octroi%20des%20prix%20sp%C3%A9ciaux.&amp;body=https:\/\/www.sidwaya.info\/blog\/2020\/06\/12\/23e-prix-galian-ouverture-des-souscriptions-pour-loctroi-des-prix-speciaux\/\"\/><\/p>\n<p>Email<\/p>\n<p><a class=\"td-social-sharing-button td-social-sharing-button-js td-social-network td-social-print\" href=\"#\"\/><\/p>\n<p>Print<\/p>\n<p><a class=\"td-social-sharing-button td-social-sharing-button-js td-social-network td-social-tumblr\" href=\"https:\/\/www.tumblr.com\/share\/link?url=https:\/\/www.sidwaya.info\/blog\/2020\/06\/12\/23e-prix-galian-ouverture-des-souscriptions-pour-loctroi-des-prix-speciaux\/&amp;name=23e%20prix%20galian%20:%20Ouverture%20des%20souscriptions%20pour%20l%E2%80%99octroi%20des%20prix%20sp%C3%A9ciaux.\"\/><\/p>\n<p>Tumblr<\/p>\n<p><a class=\"td-social-sharing-button td-social-sharing-button-js td-social-network td-social-telegram\" href=\"https:\/\/telegram.me\/share\/url?url=https:\/\/www.sidwaya.info\/blog\/2020\/06\/12\/23e-prix-galian-ouverture-des-souscriptions-pour-loctroi-des-prix-speciaux\/&amp;text=23e+prix+galian+%3A+Ouverture+des+souscriptions+pour+l%E2%80%99octroi+des+prix+sp%C3%A9ciaux.\"\/><\/p>\n<p>Telegram<\/p>\n<p><a class=\"td-social-sharing-button td-social-sharing-button-js td-social-network td-social-viber\" href=\"viber:\/\/forward?text=23e+prix+galian+%3A+Ouverture+des+souscriptions+pour+l%E2%80%99octroi+des+prix+sp%C3%A9ciaux.%20https:\/\/www.sidwaya.info\/blog\/2020\/06\/12\/23e-prix-galian-ouverture-des-souscriptions-pour-loctroi-des-prix-speciaux\/\"\/><\/p>\n<p>Viber<\/p>\n<p><a class=\"td-social-sharing-button td-social-sharing-button-js td-social-network td-social-naver\" href=\"https:\/\/share.naver.com\/web\/shareView.nhn?url=https:\/\/www.sidwaya.info\/blog\/2020\/06\/12\/23e-prix-galian-ouverture-des-souscriptions-pour-loctroi-des-prix-speciaux\/&amp;title=23e+prix+galian+%3A+Ouverture+des+souscriptions+pour+l%E2%80%99octroi+des+prix+sp%C3%A9ciaux.\"\/><\/p>\n<p>Naver<\/p>\n<\/div>\n<\/div>\n<\/div>\n<div class=\"td-block-row td-post-next-prev\">\n<div class=\"td-block-span6 td-post-prev-post td-post-next-prev-content\"><span>Article pr\u00e9c\u00e9dent<\/span><a href=\"https:\/\/www.sidwaya.info\/blog\/2020\/06\/12\/le-colonel-mamadou-djerma-nest-plus\/\">Le Colonel Mamadou Djerma n\u2019est plus<\/a><\/div>\n<\/div>\n<\/footer>\n<p>Auteur: Wamini SIDWAYA<br \/>\n<a href=\"https:\/\/www.sidwaya.info\/blog\/2020\/06\/12\/23e-prix-galian-ouverture-des-souscriptions-pour-loctroi-des-prix-speciaux\/\">Cliquez ici pour lire l&rsquo;article depuis sa source.<\/a><\/p>\n","protected":false},"excerpt":{"rendered":"<p>Facebook Twitter Pinterest WhatsApp Linkedin Email Print Tumblr Telegram Viber Naver 23e prix Galian\u00a0: Le minist\u00e8re en charge de la communication informe les institutions et organisations non gouvernementales de l\u2019ouverture des souscriptions pour l\u2019octroi des prix sp\u00e9ciaux pour r\u00e9compenser le m\u00e9rite des professionnels des corps de m\u00e9tiers de l\u2019information. Chaque donateur peut octroyer un ou [&hellip;]<\/p>\n","protected":false},"author":1816,"featured_media":88805,"comment_status":"closed","ping_status":"closed","sticky":false,"template":"","format":"standard","meta":{"fifu_image_url":"","fifu_image_alt":"","footnotes":""},"categories":[73,81],"tags":[],"class_list":["post-88804","post","type-post","status-publish","format-standard","has-post-thumbnail","hentry","category-actualite","category-burkina-faso"],"_links":{"self":[{"href":"https:\/\/linitiative.ca\/International\/wp-json\/wp\/v2\/posts\/88804","targetHints":{"allow":["GET"]}}],"collection":[{"href":"https:\/\/linitiative.ca\/International\/wp-json\/wp\/v2\/posts"}],"about":[{"href":"https:\/\/linitiative.ca\/International\/wp-json\/wp\/v2\/types\/post"}],"author":[{"embeddable":true,"href":"https:\/\/linitiative.ca\/International\/wp-json\/wp\/v2\/users\/1816"}],"replies":[{"embeddable":true,"href":"https:\/\/linitiative.ca\/International\/wp-json\/wp\/v2\/comments?post=88804"}],"version-history":[{"count":0,"href":"https:\/\/linitiative.ca\/International\/wp-json\/wp\/v2\/posts\/88804\/revisions"}],"wp:featuredmedia":[{"embeddable":true,"href":"https:\/\/linitiative.ca\/International\/wp-json\/"}],"wp:attachment":[{"href":"https:\/\/linitiative.ca\/International\/wp-json\/wp\/v2\/media?parent=88804"}],"wp:term":[{"taxonomy":"category","embeddable":true,"href":"https:\/\/linitiative.ca\/International\/wp-json\/wp\/v2\/categories?post=88804"},{"taxonomy":"post_tag","embeddable":true,"href":"https:\/\/linitiative.ca\/International\/wp-json\/wp\/v2\/tags?post=88804"}],"curies":[{"name":"wp","href":"https:\/\/api.w.org\/{rel}","templated":true}]}}