{"id":88806,"date":"2020-06-12T11:09:47","date_gmt":"2020-06-12T15:09:47","guid":{"rendered":"https:\/\/linitiative.ca\/International\/voici-le-rapport-presente-au-conseil-de-securite-de-lonu-sur-le-cameroun-ce-12-juin\/"},"modified":"2020-06-12T11:09:47","modified_gmt":"2020-06-12T15:09:47","slug":"voici-le-rapport-presente-au-conseil-de-securite-de-lonu-sur-le-cameroun-ce-12-juin","status":"publish","type":"post","link":"https:\/\/linitiative.ca\/International\/voici-le-rapport-presente-au-conseil-de-securite-de-lonu-sur-le-cameroun-ce-12-juin\/","title":{"rendered":"Voici le rapport pr\u00e9sent\u00e9 au Conseil de s\u00e9curit\u00e9 de l\u2019ONU sur le Cameroun ce 12 juin"},"content":{"rendered":"<div readability=\"32\">\n<p>Publi\u00e9 le 12.06.2020 \u00e0 16h09 par Eug\u00e8ne Shema<\/p>\n<\/div>\n<div readability=\"110.84658298466\">\n<h2>Le document a \u00e9t\u00e9 \u00e9labor\u00e9 par le Bureau r\u00e9gional des Nations unies pour l\u2019Afrique centrale. Evolution de la crise dans les r\u00e9gions anglophones, capacit\u00e9 de nuisance de Boko Haram \u00e0 l\u2019Extr\u00eame-Nord, situation humanitaire, situation sanitaire li\u00e9e au Covid-19 sont quelques-uns des points d\u00e9velopp\u00e9s par le rapport<\/h2>\n<p><span class=\"c6\">Le repr\u00e9sentant sp\u00e9cial du secr\u00e9taire g\u00e9n\u00e9ral de l\u2019ONU pour l\u2019Afrique centrale et chef du Bureau r\u00e9gional des Nations unies pour l\u2019Afrique centrale (UNOCA),<\/span> <strong>Fran\u00e7ois Lounc\u00e9ny Fall<\/strong><span class=\"c6\">, a pr\u00e9sent\u00e9, ce 12 juin 2020 au Conseil de s\u00e9curit\u00e9 des Nations unies, le rapport semestriel du SG des Nations unies sur les principaux faits politiques et s\u00e9curitaires survenus dans la sous-r\u00e9gion.\u00a0<\/span><\/p>\n<p><span class=\"c6\">C\u00f4t\u00e9 Cameroun, le rapport, transmis \u00e0 JournalduCameroun.com par l\u2019UNOCA, aborde essentiellement la situation humanitaire dans le pays, l\u2019\u00e9volution de la crise s\u00e9curitaire dans les r\u00e9gions anglophones, l\u2019augmentation des attaques de Boko Haram dans l\u2019Extr\u00eame-Nord, le climat politique avec les actions du parti politique MRC, l\u2019\u00e9tat des droits de l\u2019homme (en lien avec les all\u00e9gations d\u2019ex\u00e9cutions extrajudiciaires dans les r\u00e9gions anglophones), la situation socio-\u00e9conomique li\u00e9e \u00e0 la riposte contre le coronavirus.<\/span><\/p>\n<p><em><span class=\"c6\">\u201cLes conditions de s\u00e9curit\u00e9 dans les r\u00e9gions du Nord-Ouest et du Sud-Ouest du\u00a0<\/span><\/em><em><span class=\"c6\">Cameroun ont continu\u00e9 de se d\u00e9t\u00e9riorer, selon les informations faisant \u00e9tat d\u2019attaques\u00a0<\/span><\/em><em><span class=\"c6\">lanc\u00e9es contre des civils, notamment des ex\u00e9cutions extrajudiciaires, tortures,\u00a0<\/span><\/em><em><span class=\"c6\">arrestations arbitraires, destructions de biens, repr\u00e9sailles, enl\u00e8vements, viols et\u00a0<\/span><\/em><em><span class=\"c6\">autres formes de violence sexuelle, touchant de mani\u00e8re disproportionn\u00e9e les femmes\u00a0<\/span><\/em><em><span class=\"c6\">et les enfants\u201d<\/span><\/em><span class=\"c6\">, rel\u00e8ve le document.<\/span><\/p>\n<h3><strong>Situation humanitaire et Boko Haram<\/strong><\/h3>\n<p><span class=\"c6\">Suite \u00e0 l\u2019appel au cessez-le-feu mondial lanc\u00e9 par le SG de l\u2019ONU le 23 mars 2020 par rapport \u00e0 la Covid-19, un seul groupe arm\u00e9 a suivi l\u2019appel selon le rapport, notamment les<\/span> <strong><em>Forces de d\u00e9fense du Cameroun du Sud,<\/em><\/strong> <em><span class=\"c6\">\u201cbranche arm\u00e9e du Mouvement populaire de lib\u00e9ration de l\u2019Afrique\u201d<\/span><\/em><span class=\"c6\">. L\u2019annonce de cessez-le-feu temporaire de ce groupe arm\u00e9 a \u00e9t\u00e9 faite le 25 mars, puis a<\/span> <em><span class=\"c6\">\u201cpar la suite \u00e9t\u00e9 prolong\u00e9\u201d.<\/span><\/em><\/p>\n<p><em><span class=\"c6\">\u201cLes groupes extr\u00e9mistes n\u2019ont fait aucun cas de mon appel \u00e0 un cessez-le-feu\u00a0<\/span><\/em><em><span class=\"c6\">mondial imm\u00e9diat, incitant au contraire leurs partisans \u00e0 intensifier les attaques pendant que les forces de s\u00e9curit\u00e9 \u00e9taient d\u00e9ploy\u00e9es pour faire face \u00e0 la Covid-19\u201d,<\/span><\/em> <span class=\"c6\">d\u00e9plore le pr\u00e9sentateur du rapport.<\/span><\/p>\n<p><span class=\"c6\">Selon les statistiques de l\u2019ONU, les deux r\u00e9gions anglophones du Cameroun comptaient, en avril 2020,<\/span> <em><span class=\"c6\">\u201cplus de 679 000 personnes d\u00e9plac\u00e9es, dont la protection \u00e9tait gravement compromise dans ces deux r\u00e9gions ; 58 000 autres personnes avaient cherch\u00e9 refuge au Nig\u00e9ria.\u201d<\/span><\/em><\/p>\n<p><span class=\"c6\">En ce qui concerne l\u2019\u00e9ducation et l\u2019acc\u00e8s aux soins de sant\u00e9 dans les deux r\u00e9gions, les statistiques relay\u00e9es par le chef de l\u2019Unoca font \u00e9tat d\u2019une absence de scolarisation de plus de 70% des enfants dans le Sud-Ouest et le Nord-Ouest au dernier trimestre 2019 ainsi que la suspension d\u2019activit\u00e9s de 80% des services de sant\u00e9 et d\u2019\u00e9ducation \u00e0 la m\u00eame date.<\/span><\/p>\n<p><span class=\"c6\">La situation humanitaire g\u00e9n\u00e9rale au 31 mars 2020, donnait \u00e0 recenser<\/span> <em><span class=\"c6\">\u201cplus de 384 000 personnes r\u00e9fugi\u00e9es et demandeuses d\u2019asile, dont plus de 272 000 r\u00e9fugi\u00e9s originaires de la R\u00e9publique centrafricaine. Le pays comptait \u00e9galement pr\u00e8s de 977 000 personnes d\u00e9plac\u00e9es et plus de 354 000 personnes rapatri\u00e9es, principalement dans les r\u00e9gions du Nord-Ouest,\u00a0<\/span><\/em><em><span class=\"c6\">du Sud-Ouest et de l\u2019Extr\u00eame-Nord.\u201d<\/span><\/em><\/p>\n<p><span class=\"c6\">Dans la r\u00e9gion de l\u2019Extr\u00eame-Nord de mani\u00e8re sp\u00e9cifique, o\u00f9 l\u2019Arm\u00e9e camerounaise combat Boko Haram depuis 2014, les attaques du groupe terroriste<\/span> <em><span class=\"c6\">\u201cont augment\u00e9 de plus de 70% par rapport \u00e0 la p\u00e9riode examin\u00e9e dans le rapport du 24 mai 2019.\u201d<\/span><\/em> <span class=\"c6\">Entre le 1er d\u00e9cembre 2019 et le 15 avril 2020, l\u2019ONU souligne que les attaques attribu\u00e9es \u00e0 Boko Haram ont provoqu\u00e9 la mort de 180 civils au Cameroun.<\/span><\/p>\n<\/div>\n<p>Auteur: Eug\u00e8ne SHEMA<br \/>\n<a href=\"https:\/\/www.journalducameroun.com\/voici-le-rapport-presente-au-conseil-de-securite-de-lonu-sur-le-cameroun-et-les-autres-pays-dafrique-centrale-ce-12-juin\/\">Cliquez ici pour lire l&rsquo;article depuis sa source.<\/a><\/p>\n","protected":false},"excerpt":{"rendered":"<p>Publi\u00e9 le 12.06.2020 \u00e0 16h09 par Eug\u00e8ne Shema Le document a \u00e9t\u00e9 \u00e9labor\u00e9 par le Bureau r\u00e9gional des Nations unies pour l\u2019Afrique centrale. Evolution de la crise dans les r\u00e9gions anglophones, capacit\u00e9 de nuisance de Boko Haram \u00e0 l\u2019Extr\u00eame-Nord, situation humanitaire, situation sanitaire li\u00e9e au Covid-19 sont quelques-uns des points d\u00e9velopp\u00e9s par le rapport Le [&hellip;]<\/p>\n","protected":false},"author":1965,"featured_media":0,"comment_status":"closed","ping_status":"closed","sticky":false,"template":"","format":"standard","meta":{"fifu_image_url":"","fifu_image_alt":"","footnotes":""},"categories":[73,82],"tags":[],"class_list":["post-88806","post","type-post","status-publish","format-standard","hentry","category-actualite","category-cameroun"],"_links":{"self":[{"href":"https:\/\/linitiative.ca\/International\/wp-json\/wp\/v2\/posts\/88806","targetHints":{"allow":["GET"]}}],"collection":[{"href":"https:\/\/linitiative.ca\/International\/wp-json\/wp\/v2\/posts"}],"about":[{"href":"https:\/\/linitiative.ca\/International\/wp-json\/wp\/v2\/types\/post"}],"author":[{"embeddable":true,"href":"https:\/\/linitiative.ca\/International\/wp-json\/wp\/v2\/users\/1965"}],"replies":[{"embeddable":true,"href":"https:\/\/linitiative.ca\/International\/wp-json\/wp\/v2\/comments?post=88806"}],"version-history":[{"count":0,"href":"https:\/\/linitiative.ca\/International\/wp-json\/wp\/v2\/posts\/88806\/revisions"}],"wp:attachment":[{"href":"https:\/\/linitiative.ca\/International\/wp-json\/wp\/v2\/media?parent=88806"}],"wp:term":[{"taxonomy":"category","embeddable":true,"href":"https:\/\/linitiative.ca\/International\/wp-json\/wp\/v2\/categories?post=88806"},{"taxonomy":"post_tag","embeddable":true,"href":"https:\/\/linitiative.ca\/International\/wp-json\/wp\/v2\/tags?post=88806"}],"curies":[{"name":"wp","href":"https:\/\/api.w.org\/{rel}","templated":true}]}}