{"id":88808,"date":"2020-06-12T14:18:05","date_gmt":"2020-06-12T18:18:05","guid":{"rendered":"https:\/\/linitiative.ca\/International\/ethiopie-report-du-recensement-national-a-cause-du-covid-19\/"},"modified":"2020-06-12T14:18:05","modified_gmt":"2020-06-12T18:18:05","slug":"ethiopie-report-du-recensement-national-a-cause-du-covid-19","status":"publish","type":"post","link":"https:\/\/linitiative.ca\/International\/ethiopie-report-du-recensement-national-a-cause-du-covid-19\/","title":{"rendered":"\u00c9thiopie : report du recensement national \u00e0 cause du Covid-19"},"content":{"rendered":"<div readability=\"32\">\n<p>Publi\u00e9 le 12.06.2020 \u00e0 19h18 par APA News<\/p>\n<\/div>\n<div readability=\"63\">\n<p>La Chambre \u00e9thiopienne de la F\u00e9d\u00e9ration a approuv\u00e9 jeudi le report du quatri\u00e8me recensement national des logements et de la population en raison de la pand\u00e9mie de Covid-19.La chambre haute a \u00e9galement prolong\u00e9 le mandat du gouvernement jusqu\u2019aux \u00e9lections et qu\u2019un transfert de pouvoir aient lieu et les mandats des conseils des organes f\u00e9d\u00e9raux, r\u00e9gionaux et ex\u00e9cutifs jusqu\u2019\u00e0 ce que les impacts de la pand\u00e9mie de coronavirus soient termin\u00e9s.<\/p>\n<p>\u00a0La d\u00e9cision de la chambre fait suite \u00e0 un rapport qui lui a \u00e9t\u00e9 soumis par la commission d\u2019enqu\u00eate constitutionnelle, un organe consultatif qui s\u2019est pench\u00e9 et a recueilli des informations sur la question de savoir si les sixi\u00e8mes \u00e9lections g\u00e9n\u00e9rales peut \u00eatre report\u00e9e par des moyens l\u00e9gaux sans provoquer de crise constitutionnelle.<\/p>\n<p>\u00a0La constitution \u00e9thiopienne actuelle stipule que les \u00e9lections g\u00e9n\u00e9rales doivent \u00eatre organis\u00e9es tous les cinq ans.<\/p>\n<p>\u00a0En mars, la Commission \u00e9lectorale nationale d\u2019\u00c9thiopie (NEBE) a annonc\u00e9 que ses activit\u00e9s pr\u00e9\u00e9lectorales \u00e9taient entrav\u00e9es par l\u2019\u00e9tat d\u2019urgence en cours, d\u00e9clar\u00e9 pour endiguer la pand\u00e9mie de Covid-19, et qu\u2019il serait impossible d\u2019organiser les \u00e9lections en ao\u00fbt prochain.<\/p>\n<p>\u00a0La r\u00e9solution prolongeant le mandat des conseils en raison de la pand\u00e9mie de coronavirus a \u00e9t\u00e9 d\u00e9pos\u00e9e par la commission permanente de l\u2019interpr\u00e9tation constitutionnelle et des affaires d\u2019identit\u00e9 de la Chambre.<\/p>\n<p>\u00a0La commission a \u00e9galement propos\u00e9 que les 6\u00e8mes \u00e9lections g\u00e9n\u00e9rales soient organis\u00e9es dans un d\u00e9lai de 9 mois \u00e0 1 an. Une d\u00e9cision motiv\u00e9e par le fait que la pand\u00e9mie n\u2019est plus consid\u00e9r\u00e9e comme une menace de sant\u00e9 publique par les organismes mondiaux, continentaux et nationaux.<\/p>\n<p>La Chambre a approuv\u00e9 la r\u00e9solution par 114 voix contre 4 pour une abstention.<\/p>\n<\/div>\n<p>Auteur: APA News<br \/>\n<a href=\"https:\/\/www.journalducameroun.com\/ethiopie-report-du-recensement-national-a-cause-du-covid-19\/\">Cliquez ici pour lire l&rsquo;article depuis sa source.<\/a><\/p>\n","protected":false},"excerpt":{"rendered":"<p>Publi\u00e9 le 12.06.2020 \u00e0 19h18 par APA News La Chambre \u00e9thiopienne de la F\u00e9d\u00e9ration a approuv\u00e9 jeudi le report du quatri\u00e8me recensement national des logements et de la population en raison de la pand\u00e9mie de Covid-19.La chambre haute a \u00e9galement prolong\u00e9 le mandat du gouvernement jusqu\u2019aux \u00e9lections et qu\u2019un transfert de pouvoir aient lieu et [&hellip;]<\/p>\n","protected":false},"author":1965,"featured_media":0,"comment_status":"closed","ping_status":"closed","sticky":false,"template":"","format":"standard","meta":{"fifu_image_url":"","fifu_image_alt":"","footnotes":""},"categories":[73,82],"tags":[],"class_list":["post-88808","post","type-post","status-publish","format-standard","hentry","category-actualite","category-cameroun"],"_links":{"self":[{"href":"https:\/\/linitiative.ca\/International\/wp-json\/wp\/v2\/posts\/88808","targetHints":{"allow":["GET"]}}],"collection":[{"href":"https:\/\/linitiative.ca\/International\/wp-json\/wp\/v2\/posts"}],"about":[{"href":"https:\/\/linitiative.ca\/International\/wp-json\/wp\/v2\/types\/post"}],"author":[{"embeddable":true,"href":"https:\/\/linitiative.ca\/International\/wp-json\/wp\/v2\/users\/1965"}],"replies":[{"embeddable":true,"href":"https:\/\/linitiative.ca\/International\/wp-json\/wp\/v2\/comments?post=88808"}],"version-history":[{"count":0,"href":"https:\/\/linitiative.ca\/International\/wp-json\/wp\/v2\/posts\/88808\/revisions"}],"wp:attachment":[{"href":"https:\/\/linitiative.ca\/International\/wp-json\/wp\/v2\/media?parent=88808"}],"wp:term":[{"taxonomy":"category","embeddable":true,"href":"https:\/\/linitiative.ca\/International\/wp-json\/wp\/v2\/categories?post=88808"},{"taxonomy":"post_tag","embeddable":true,"href":"https:\/\/linitiative.ca\/International\/wp-json\/wp\/v2\/tags?post=88808"}],"curies":[{"name":"wp","href":"https:\/\/api.w.org\/{rel}","templated":true}]}}