{"id":88810,"date":"2020-06-12T16:18:11","date_gmt":"2020-06-12T20:18:11","guid":{"rendered":"https:\/\/linitiative.ca\/International\/don-de-kits-de-lutte-contre-la-covid-19-de-action-contre-la-faim-a-17-hopitaux-a-abidjan\/"},"modified":"2020-06-12T16:18:11","modified_gmt":"2020-06-12T20:18:11","slug":"don-de-kits-de-lutte-contre-la-covid-19-de-action-contre-la-faim-a-17-hopitaux-a-abidjan","status":"publish","type":"post","link":"https:\/\/linitiative.ca\/International\/don-de-kits-de-lutte-contre-la-covid-19-de-action-contre-la-faim-a-17-hopitaux-a-abidjan\/","title":{"rendered":"Don de kits de lutte contre la Covid-19 de Action Contre la Faim \u00e0 17 h\u00f4pitaux \u00e0 Abidjan"},"content":{"rendered":"<p>L\u2019ONG Action contre la faim (ACF) a fait vendredi un don de kits de lutte contre la Covid-19 en faveur de 17 Etablissements de sant\u00e9 de premier contact (ESPC) des neuf Districts des r\u00e9gions sanitaires d\u2019Abidjan 1 et 2, d\u2019une valeur de 30 millions de Fcfa.L\u2019h\u00f4pital g\u00e9n\u00e9ral de Port-Bou\u00ebt, cit\u00e9 baln\u00e9aire, situ\u00e9e dans le Sud d\u2019Abidjan, a servi de lieu pour la c\u00e9r\u00e9monie solennelle de remise des mat\u00e9riels de mise en place des zones \u00e0 triage et du dispositif Wash dans 17 ESPC, dans le cadre de la r\u00e9ponse contre la pand\u00e9mie de Covid-19.<\/p>\n<p>Ce don est accompagn\u00e9 d\u2019un support technique et financier aux districts sanitaires et ESPC cibl\u00e9s pour la formation de 680 personnels de sant\u00e9 ainsi que la remise \u00e0 niveau d\u2019infrastructures d\u2019eau dans les centres de sant\u00e9 et le support d\u2019activit\u00e9s de sensibilisation communautaires.\u00a0<\/p>\n<p>La C\u00f4te d\u2019Ivoire qui enregistre, aujourd\u2019hui, plus de 4 400 cas confirm\u00e9s de Covid-19, est l\u2019un des pays de l\u2019Afrique de l\u2019Ouest les plus touch\u00e9s. Ce don, selon le directeur pays de Action contre la faim, Yannick Pouchalan, vise \u00e0 apporter une r\u00e9ponse \u00e0 la lutte contre la propagation du virus.\u00a0<\/p>\n<p>\u00ab Dans ce contexte, il appara\u00eet clairement pour nous que le d\u00e9fi est de ralentir l\u2019expansion du virus, de freiner sa propagation \u00bb et fl\u00e9chir la courbe de progression de la pand\u00e9mie, a dit le directeur pays de ACF en C\u00f4te d\u2019Ivoire, dans un discours.\u00a0<\/p>\n<p>Ce dispositif sanitaire devrait permettre de \u00ab r\u00e9duire l\u2019influence de l\u2019\u00e9pid\u00e9mie sur le personnel de la sant\u00e9 \u00bb et globalement de la population, a fait savoir M. Pouchalan, ajoutant qu\u2019\u00e0 ce jour, 136 agents de sant\u00e9 ont \u00e9t\u00e9 form\u00e9s sur les techniques de pr\u00e9vention \u00e0 la Covid-19.\u00a0<\/p>\n<p>A ce jour, les agents communautaires form\u00e9s ont touch\u00e9 43 276 m\u00e9nages, tandis que 233 616 personnes ont \u00e9t\u00e9 sensibilis\u00e9es. Depuis 2017, ces 17 \u00e9tablissements de sant\u00e9 r\u00e9cipiendaires b\u00e9n\u00e9ficient du financement de l\u2019Agence fran\u00e7aise de d\u00e9veloppement (AFD).<\/p>\n<p>L\u2019AFD soutient notamment ces \u00e9tablissements de sant\u00e9 via le Programme de renforcement des syst\u00e8mes et des services de sant\u00e9 (PROSSAN). Gr\u00e2ce \u00e0 ce financement, l\u2019ONG ACF, en collaboration avec le minist\u00e8re de la Sant\u00e9, ont contribu\u00e9 \u00e0 am\u00e9liorer l\u2019offre des soins aux populations.<\/p>\n<p>R\u00e9ceptionnant les mat\u00e9riels de lutte contre la Covid-19, Anouan N\u2019Guessan, directeur g\u00e9n\u00e9ral adjoint de la sant\u00e9, repr\u00e9sentant le ministre de la Sant\u00e9 et de l\u2019hygi\u00e8ne publique, a exprim\u00e9 la gratitude de l\u2019Etat pour ces kits de r\u00e9silience face \u00e0 cette pand\u00e9mie.\u00a0<\/p>\n<p>M. Anouan a d\u00e9plor\u00e9 le fait que les populations portent moins les masques, rendus obligatoires dans le District d\u2019Abidjan, \u00e9picentre de la maladie dans le pays. Selon le minist\u00e8re de la Sant\u00e9 et de l\u2019hygi\u00e8ne publique, la capitale \u00e9conomique ivoirienne compte 95% des cas confirm\u00e9s.<\/p>\n<p>Toutefois, dira-t-il, en C\u00f4te d\u2019Ivoire, \u00ab le taux de gu\u00e9rison se situe entre 50 et 58% au dessus du taux moyen au niveau mondial, (tandis que) le taux de l\u00e9talit\u00e9 (mortalit\u00e9) demeure tr\u00e8s faible, autour de 1% \u00bb, ce qui traduit la qualit\u00e9 de la prise en charge de la maladie.<\/p>\n<p>Cette c\u00e9r\u00e9monie a vu \u00e9galement la pr\u00e9sence du directeur de l\u2019AFD, repr\u00e9sent\u00e9 par Mme Elodie Montetagaud. Elle s\u2019est f\u00e9licit\u00e9e de ce que la C\u00f4te d\u2019Ivoire, qui a enregistr\u00e9 son premier cas confirm\u00e9 de Covid-19 le 11 mars 2020, avait d\u00e9j\u00e0 mis en place des dispositifs d\u2019alerte.\u00a0<\/p>\n<p>Face \u00e0 la pand\u00e9mie de la Covid-19, l\u2019Etat de C\u00f4te d\u2019Ivoire a \u00e9labor\u00e9 un plan de riposte sanitaire. En soutien \u00e0 ce plan et s\u2019alignant sur ses axes strat\u00e9giques, ACF a mis en \u0153uvre un plan de riposte estim\u00e9 \u00e0 ce jour \u00e0 plus de 200 millions de Fcfa. Ce plan b\u00e9n\u00e9ficie d\u2019un financement de l\u2019AFD.\u00a0<\/p>\n<p>C\u2019est dans ce cadre qu\u2019intervient ce don d\u2019une valeur de 30 millions Fcfa, compos\u00e9 de mat\u00e9riels de mise en place d\u2019une zone \u00e0 triage de dispositif de lavage de mains, des masques de protection, de gangs, de thermom\u00e8tres \u00e0 infrarouge\u2026, remis au minist\u00e8re de la Sant\u00e9 et de l\u2019hygi\u00e8ne publique.<\/p>\n<p>Ces 17 \u00e9tablissements sont Fsucom Abobo Baoul\u00e9, Fsucom Bocabo, Fsucom Kowet, CSU Kassembl\u00e9, Fsucom Gesco, Csucom Adiopodoum\u00e9, CSU Colombie, CSU Gbagba, Csucom Palmeraie, Csucom Anono, CSU Akou\u00e9do Atti\u00e9, Maternit\u00e9 Williamsville, CSR Bloc 500 Gonzagueville, CSU COM Vridi 3, CSUcom Quartier Divo, FSU COM Anoumabo.\u00a0<\/p>\n<p>Action contre la faim (ACF) lutte contre la faim dans le monde. Sa mission est de sauver des vies en \u00e9liminant la faim par la pr\u00e9vention, la d\u00e9tection et le traitement de la sous-nutrition, en particulier, pendant et apr\u00e8s les situations d\u2019urgence li\u00e9es aux conflits et aux catastrophes naturelles.\u00a0<\/p>\n<p>Auteur: APA News<br \/>\n<a href=\"https:\/\/www.journalducameroun.com\/don-de-kits-de-lutte-contre-la-covid-19-de-action-contre-la-faim-a-17-hopitaux-a-abidjan\/\">Cliquez ici pour lire l&rsquo;article depuis sa source.<\/a><\/p>\n","protected":false},"excerpt":{"rendered":"<p>L\u2019ONG Action contre la faim (ACF) a fait vendredi un don de kits de lutte contre la Covid-19 en faveur de 17 Etablissements de sant\u00e9 de premier contact (ESPC) des neuf Districts des r\u00e9gions sanitaires d\u2019Abidjan 1 et 2, d\u2019une valeur de 30 millions de Fcfa.L\u2019h\u00f4pital g\u00e9n\u00e9ral de Port-Bou\u00ebt, cit\u00e9 baln\u00e9aire, situ\u00e9e dans le Sud [&hellip;]<\/p>\n","protected":false},"author":1965,"featured_media":0,"comment_status":"closed","ping_status":"closed","sticky":false,"template":"","format":"standard","meta":{"fifu_image_url":"","fifu_image_alt":"","footnotes":""},"categories":[73,82],"tags":[],"class_list":["post-88810","post","type-post","status-publish","format-standard","hentry","category-actualite","category-cameroun"],"_links":{"self":[{"href":"https:\/\/linitiative.ca\/International\/wp-json\/wp\/v2\/posts\/88810","targetHints":{"allow":["GET"]}}],"collection":[{"href":"https:\/\/linitiative.ca\/International\/wp-json\/wp\/v2\/posts"}],"about":[{"href":"https:\/\/linitiative.ca\/International\/wp-json\/wp\/v2\/types\/post"}],"author":[{"embeddable":true,"href":"https:\/\/linitiative.ca\/International\/wp-json\/wp\/v2\/users\/1965"}],"replies":[{"embeddable":true,"href":"https:\/\/linitiative.ca\/International\/wp-json\/wp\/v2\/comments?post=88810"}],"version-history":[{"count":0,"href":"https:\/\/linitiative.ca\/International\/wp-json\/wp\/v2\/posts\/88810\/revisions"}],"wp:attachment":[{"href":"https:\/\/linitiative.ca\/International\/wp-json\/wp\/v2\/media?parent=88810"}],"wp:term":[{"taxonomy":"category","embeddable":true,"href":"https:\/\/linitiative.ca\/International\/wp-json\/wp\/v2\/categories?post=88810"},{"taxonomy":"post_tag","embeddable":true,"href":"https:\/\/linitiative.ca\/International\/wp-json\/wp\/v2\/tags?post=88810"}],"curies":[{"name":"wp","href":"https:\/\/api.w.org\/{rel}","templated":true}]}}