{"id":88811,"date":"2020-06-12T09:52:32","date_gmt":"2020-06-12T13:52:32","guid":{"rendered":"https:\/\/linitiative.ca\/International\/voirie-urbaine-les-travaux-redemarrent-a-douala\/"},"modified":"2020-06-12T09:52:32","modified_gmt":"2020-06-12T13:52:32","slug":"voirie-urbaine-les-travaux-redemarrent-a-douala","status":"publish","type":"post","link":"https:\/\/linitiative.ca\/International\/voirie-urbaine-les-travaux-redemarrent-a-douala\/","title":{"rendered":"Voirie urbaine : les travaux red\u00e9marrent \u00e0 Douala"},"content":{"rendered":"<p>Les embouteillages gigantesques sont de retour dans certains axes urbains de la ville de Douala. Les longues files de v\u00e9hicules en attente de circulation sont quotidiennement visibles particuli\u00e8rement dans l\u2019arrondissement de Douala 1er, avec un effet domino direct sur les art\u00e8res des autres arrondissements tels que D\u00e9ido, Akwa, Bonamoussadi, Bessengue, Bassa et bien d\u2019autres. De m\u00e9moire d\u2019usager de la route, la derni\u00e8re grave perturbation de circulation date de \u00abl\u2019\u00e9poque de la construction du second pont sur le Wouri\u00bb, s\u2019exclame Jean Nkoagne, taximan de la ligne de Bonab\u00e9ri. L\u2019\u00e9picentre de cette vaste congestion demeure incontestablement le lieu-dit rond-point Deido, dans l\u2019arrondissement de Douala 1er. Ce grand carrefour de la ville conna\u00eet en effet d\u2019importants travaux de r\u00e9habilitation de la chauss\u00e9e depuis ce 5 juin 2020. Sont concern\u00e9s, les axes Deido-Bonanjo-Boulevard de la libert\u00e9, Coll\u00e8ge Alfred Saker-Place Sandaga-Boulevard de la r\u00e9publique-3 boutiques-Place de la jeunesse.\u00a0<\/p>\n<p>Lire aussi\u00a0: <a href=\"https:\/\/ecomatin.net\/roger-mbassa-ndine-regularise-la-construction-dans-la-ville-de-douala\/\">\u2013\u00a0<strong>Roger Mbassa Ndine r\u00e9gularise la construction dans la ville de Douala\u00a0<\/strong><\/a><\/p>\n<p>Les travaux de pavoisement et de rev\u00eatement de la chauss\u00e9e sont ex\u00e9cut\u00e9s par l\u2019entreprise China road and bridge corporation (Crbc). Les travaux de r\u00e9habilitation de la voirie urbaine de la capitale \u00e9conomique s\u2019observent \u00e9galement dans d\u2019autres art\u00e8res de la ville qui subit depuis quelques semaines une v\u00e9ritable m\u00e9tamorphose apr\u00e8s une courte interruption. La reprise des diff\u00e9rents chantiers (Planut, ma\u00eetrise d\u2019ouvrage d\u00e9l\u00e9gu\u00e9e, r\u00e9gie etc\u2026 ) intervient au lendemain de la d\u00e9cision maire Roger Mbassa Ndine de proc\u00e9der d\u00e8s le 11 mars 2020 \u00e0 la suspension de tous les engagements financiers au sein de la Communaut\u00e9 urbaine de Douala, except\u00e9 les salaires des employ\u00e9s et les chantiers de la coupe d\u2019Afrique des nations prochaine. Ce red\u00e9marrage intervient \u00e9galement au moment o\u00f9 la tr\u00e9sorerie de mairie de Douala conna\u00eet de vives tensions.\u00a0<\/p>\n<p>Lire aussi : <a href=\"https:\/\/ecomatin.net\/mbassa-ndine-suspend-les-engagements-financiers\/\">\u2013\u00a0<strong>Mbassa Ndine suspend les engagements financiers\u00a0<\/strong><\/a><\/p>\n<p><strong>Crise \u00e9conomique<\/strong><\/p>\n<p>Ce 19 juin 2020, la Communaut\u00e9 urbaine de Douala tiendra la premi\u00e8re session ordinaire de son conseil consacr\u00e9 \u00e0 l\u2019examen et \u00e0 l\u2019adoption du compte administratif \u00a0de l\u2019institution, exercice clos au 31 d\u00e9cembre 2019.\u00a0Une occasion de dresser le bilan de l\u2019ann\u00e9e budg\u00e9taire \u00e9coul\u00e9e, concernant l\u2019ex\u00e9cution des chantiers notamment.\u00a0Pour 2020, la Communaut\u00e9 urbaine de Douala table sur une enveloppe de plus de 57,5 milliards de Fcfa.\u00a0Par rapport \u00e0 l\u2019exercice 2019, cette\u00a0enveloppe a connu une hausse de 7.6 milliards, soit 15,40% en valeur relative.<\/p>\n<p>Lire aussi : <a href=\"https:\/\/ecomatin.net\/mairie-de-douala-les-ex-delegues-du-personnel-reintegres\/\">\u2013\u00a0<strong>Mairie de Douala : les ex-d\u00e9l\u00e9gu\u00e9s du personnel r\u00e9int\u00e9gr\u00e9s\u00a0<\/strong><\/a><\/p>\n<div class=\"awac-wrapper awac widget posts-list-widget-11\">\n<h4 class=\"widget-title\">Le plus r\u00e9cent<\/h4>\n<\/div>\n<p>Auteur: EcoMatin<br \/>\n<a href=\"https:\/\/ecomatin.net\/voirie-urbaine-les-travaux-redemarrent-a-douala\/\">Cliquez ici pour lire l&rsquo;article depuis sa source.<\/a><\/p>\n","protected":false},"excerpt":{"rendered":"<p>Les embouteillages gigantesques sont de retour dans certains axes urbains de la ville de Douala. Les longues files de v\u00e9hicules en attente de circulation sont quotidiennement visibles particuli\u00e8rement dans l\u2019arrondissement de Douala 1er, avec un effet domino direct sur les art\u00e8res des autres arrondissements tels que D\u00e9ido, Akwa, Bonamoussadi, Bessengue, Bassa et bien d\u2019autres. De [&hellip;]<\/p>\n","protected":false},"author":1969,"featured_media":0,"comment_status":"closed","ping_status":"closed","sticky":false,"template":"","format":"standard","meta":{"fifu_image_url":"","fifu_image_alt":"","footnotes":""},"categories":[82,78],"tags":[],"class_list":["post-88811","post","type-post","status-publish","format-standard","hentry","category-cameroun","category-economie"],"_links":{"self":[{"href":"https:\/\/linitiative.ca\/International\/wp-json\/wp\/v2\/posts\/88811","targetHints":{"allow":["GET"]}}],"collection":[{"href":"https:\/\/linitiative.ca\/International\/wp-json\/wp\/v2\/posts"}],"about":[{"href":"https:\/\/linitiative.ca\/International\/wp-json\/wp\/v2\/types\/post"}],"author":[{"embeddable":true,"href":"https:\/\/linitiative.ca\/International\/wp-json\/wp\/v2\/users\/1969"}],"replies":[{"embeddable":true,"href":"https:\/\/linitiative.ca\/International\/wp-json\/wp\/v2\/comments?post=88811"}],"version-history":[{"count":0,"href":"https:\/\/linitiative.ca\/International\/wp-json\/wp\/v2\/posts\/88811\/revisions"}],"wp:attachment":[{"href":"https:\/\/linitiative.ca\/International\/wp-json\/wp\/v2\/media?parent=88811"}],"wp:term":[{"taxonomy":"category","embeddable":true,"href":"https:\/\/linitiative.ca\/International\/wp-json\/wp\/v2\/categories?post=88811"},{"taxonomy":"post_tag","embeddable":true,"href":"https:\/\/linitiative.ca\/International\/wp-json\/wp\/v2\/tags?post=88811"}],"curies":[{"name":"wp","href":"https:\/\/api.w.org\/{rel}","templated":true}]}}