{"id":88815,"date":"2020-06-13T04:30:50","date_gmt":"2020-06-13T08:30:50","guid":{"rendered":"https:\/\/linitiative.ca\/International\/sidi-el-yamani-une-lyceenne-se-donne-la-mort-par-pendaison\/"},"modified":"2020-06-13T04:30:50","modified_gmt":"2020-06-13T08:30:50","slug":"sidi-el-yamani-une-lyceenne-se-donne-la-mort-par-pendaison","status":"publish","type":"post","link":"https:\/\/linitiative.ca\/International\/sidi-el-yamani-une-lyceenne-se-donne-la-mort-par-pendaison\/","title":{"rendered":"Sidi El Yamani : Une lyc\u00e9enne se donne la mort par pendaison"},"content":{"rendered":"<header>\n<\/header>\n<div class=\"entry-content clearfix\" readability=\"44\"><img decoding=\"async\" class=\"post_layout_5_img\" src=\"http:\/\/aujourdhui.ma\/wp-content\/uploads\/2019\/10\/Suicide.jpg\" alt=\"Sidi El Yamani : Une lyc&#xE9;enne se donne la mort par pendaison\"\/><\/p>\n<p><span class=\"c5\"><strong>Une lyc\u00e9enne de dix-huit ans a mis fin \u00e0 sa vie chez elle au village Sidi El Yamani relevant de la pr\u00e9fecture de Tanger-Asilah.<\/strong><\/span><span id=\"more-347476\"\/><\/p>\n<p>Cette adolescence qui poursuivait ses \u00e9tudes en deuxi\u00e8me ann\u00e9e du baccalaur\u00e9at a \u00e9t\u00e9 d\u00e9couverte par ses parents dans sa chambre, corps sans vie, pendue \u00e0 une corde accroch\u00e9e \u00e0 une fen\u00eatre.<\/p>\n<p>Alert\u00e9s, les \u00e9l\u00e9ments de la gendarmerie royale se sont d\u00e9p\u00each\u00e9s sur les lieux afin d\u2019entamer les investigations n\u00e9cessaires leur permettant de d\u00e9terminer les causes et les circonstances de cet acte de suicide. Le cadavre de la d\u00e9funte a \u00e9t\u00e9 \u00e9vacu\u00e9 par les \u00e9l\u00e9ments de la protection civile vers la morgue. L\u2019on ignore pour le moment le motif de cet acte d\u00e9sespoir.<\/p>\n<\/div>\n<p>Auteur: Abderrafii ALOUMLIKI<br \/>\n<a href=\"https:\/\/aujourdhui.ma\/faits-divers\/sidi-el-yamani-une-lyceenne-se-donne-la-mort-par-pendaison\">Cliquez ici pour lire l&rsquo;article depuis sa source.<\/a><\/p>\n","protected":false},"excerpt":{"rendered":"<p>Une lyc\u00e9enne de dix-huit ans a mis fin \u00e0 sa vie chez elle au village Sidi El Yamani relevant de la pr\u00e9fecture de Tanger-Asilah. Cette adolescence qui poursuivait ses \u00e9tudes en deuxi\u00e8me ann\u00e9e du baccalaur\u00e9at a \u00e9t\u00e9 d\u00e9couverte par ses parents dans sa chambre, corps sans vie, pendue \u00e0 une corde accroch\u00e9e \u00e0 une fen\u00eatre. [&hellip;]<\/p>\n","protected":false},"author":1759,"featured_media":88816,"comment_status":"closed","ping_status":"closed","sticky":false,"template":"","format":"standard","meta":{"fifu_image_url":"","fifu_image_alt":"","footnotes":""},"categories":[73,54],"tags":[],"class_list":["post-88815","post","type-post","status-publish","format-standard","has-post-thumbnail","hentry","category-actualite","category-maroc"],"_links":{"self":[{"href":"https:\/\/linitiative.ca\/International\/wp-json\/wp\/v2\/posts\/88815","targetHints":{"allow":["GET"]}}],"collection":[{"href":"https:\/\/linitiative.ca\/International\/wp-json\/wp\/v2\/posts"}],"about":[{"href":"https:\/\/linitiative.ca\/International\/wp-json\/wp\/v2\/types\/post"}],"author":[{"embeddable":true,"href":"https:\/\/linitiative.ca\/International\/wp-json\/wp\/v2\/users\/1759"}],"replies":[{"embeddable":true,"href":"https:\/\/linitiative.ca\/International\/wp-json\/wp\/v2\/comments?post=88815"}],"version-history":[{"count":0,"href":"https:\/\/linitiative.ca\/International\/wp-json\/wp\/v2\/posts\/88815\/revisions"}],"wp:featuredmedia":[{"embeddable":true,"href":"https:\/\/linitiative.ca\/International\/wp-json\/"}],"wp:attachment":[{"href":"https:\/\/linitiative.ca\/International\/wp-json\/wp\/v2\/media?parent=88815"}],"wp:term":[{"taxonomy":"category","embeddable":true,"href":"https:\/\/linitiative.ca\/International\/wp-json\/wp\/v2\/categories?post=88815"},{"taxonomy":"post_tag","embeddable":true,"href":"https:\/\/linitiative.ca\/International\/wp-json\/wp\/v2\/tags?post=88815"}],"curies":[{"name":"wp","href":"https:\/\/api.w.org\/{rel}","templated":true}]}}