{"id":88817,"date":"2020-06-13T04:32:21","date_gmt":"2020-06-13T08:32:21","guid":{"rendered":"https:\/\/linitiative.ca\/International\/nador-quatre-trafiquants-de-drogue-condamnes-a-7-ans-de-prison-chacun\/"},"modified":"2020-06-13T04:32:21","modified_gmt":"2020-06-13T08:32:21","slug":"nador-quatre-trafiquants-de-drogue-condamnes-a-7-ans-de-prison-chacun","status":"publish","type":"post","link":"https:\/\/linitiative.ca\/International\/nador-quatre-trafiquants-de-drogue-condamnes-a-7-ans-de-prison-chacun\/","title":{"rendered":"Nador : Quatre trafiquants de drogue condamn\u00e9s \u00e0 7 ans de prison chacun"},"content":{"rendered":"<header>\n<\/header>\n<div class=\"entry-content clearfix\" readability=\"48\"><img decoding=\"async\" class=\"post_layout_5_img\" src=\"http:\/\/aujourdhui.ma\/wp-content\/uploads\/2018\/09\/Prison.jpg\" alt=\"Nador : Quatre trafiquants de drogue condamn&#xE9;s &#xE0; 7 ans de prison chacun\"\/><\/p>\n<p><span class=\"c5\"><strong>Sept ans de r\u00e9clusion criminelle, tel a \u00e9t\u00e9 le verdict rendu, derni\u00e8rement, par la chambre correctionnelle pr\u00e8s le tribunal de premi\u00e8re instance de Nador contre chacun des quatre suspects dont une femme et un ressortissant espagnol r\u00e9sidant ill\u00e9galement au Maroc, tous membres d\u2019un r\u00e9seau international de trafic de drogue.<\/strong><\/span> <span id=\"more-347475\"\/><\/p>\n<p>Une peine assortie d\u2019une amende de 50 mille dirhams ainsi que des dommages et int\u00e9r\u00eats de 88 millions de dirhams qui doivent \u00eatre vers\u00e9s \u00e0 l\u2019administration de la douane. L\u2019affaire remonte au mois d\u2019avril dernier quand les quatre membres de la bande ont \u00e9t\u00e9 interpell\u00e9s par les \u00e9l\u00e9ments de la police judiciaire, \u00e0 Beni Nsar, alors qu\u2019ils s\u2019appr\u00eataient \u00e0 charger 1.770 kg de haschich renferm\u00e9s dans une cinquantaine de ballots. Deux barques, plusieurs litres de carburant, trois jet-ski et une somme de 740 mille dirhams ont \u00e9t\u00e9 saisis chez les membres de cette bande.<\/p>\n<\/div>\n<p>Auteur: Abderrafii ALOUMLIKI<br \/>\n<a href=\"https:\/\/aujourdhui.ma\/faits-divers\/nador-quatre-trafiquants-de-drogue-condamnes-a-7-ans-de-prison-chacun\">Cliquez ici pour lire l&rsquo;article depuis sa source.<\/a><\/p>\n","protected":false},"excerpt":{"rendered":"<p>Sept ans de r\u00e9clusion criminelle, tel a \u00e9t\u00e9 le verdict rendu, derni\u00e8rement, par la chambre correctionnelle pr\u00e8s le tribunal de premi\u00e8re instance de Nador contre chacun des quatre suspects dont une femme et un ressortissant espagnol r\u00e9sidant ill\u00e9galement au Maroc, tous membres d\u2019un r\u00e9seau international de trafic de drogue. Une peine assortie d\u2019une amende de [&hellip;]<\/p>\n","protected":false},"author":1759,"featured_media":88818,"comment_status":"closed","ping_status":"closed","sticky":false,"template":"","format":"standard","meta":{"fifu_image_url":"","fifu_image_alt":"","footnotes":""},"categories":[73,54],"tags":[],"class_list":["post-88817","post","type-post","status-publish","format-standard","has-post-thumbnail","hentry","category-actualite","category-maroc"],"_links":{"self":[{"href":"https:\/\/linitiative.ca\/International\/wp-json\/wp\/v2\/posts\/88817","targetHints":{"allow":["GET"]}}],"collection":[{"href":"https:\/\/linitiative.ca\/International\/wp-json\/wp\/v2\/posts"}],"about":[{"href":"https:\/\/linitiative.ca\/International\/wp-json\/wp\/v2\/types\/post"}],"author":[{"embeddable":true,"href":"https:\/\/linitiative.ca\/International\/wp-json\/wp\/v2\/users\/1759"}],"replies":[{"embeddable":true,"href":"https:\/\/linitiative.ca\/International\/wp-json\/wp\/v2\/comments?post=88817"}],"version-history":[{"count":0,"href":"https:\/\/linitiative.ca\/International\/wp-json\/wp\/v2\/posts\/88817\/revisions"}],"wp:featuredmedia":[{"embeddable":true,"href":"https:\/\/linitiative.ca\/International\/wp-json\/"}],"wp:attachment":[{"href":"https:\/\/linitiative.ca\/International\/wp-json\/wp\/v2\/media?parent=88817"}],"wp:term":[{"taxonomy":"category","embeddable":true,"href":"https:\/\/linitiative.ca\/International\/wp-json\/wp\/v2\/categories?post=88817"},{"taxonomy":"post_tag","embeddable":true,"href":"https:\/\/linitiative.ca\/International\/wp-json\/wp\/v2\/tags?post=88817"}],"curies":[{"name":"wp","href":"https:\/\/api.w.org\/{rel}","templated":true}]}}