{"id":88823,"date":"2020-06-13T07:21:08","date_gmt":"2020-06-13T11:21:08","guid":{"rendered":"https:\/\/linitiative.ca\/International\/rapatriement-des-marocains-bloques-en-espagne-a-partir-de-madrid\/"},"modified":"2020-06-13T07:21:08","modified_gmt":"2020-06-13T11:21:08","slug":"rapatriement-des-marocains-bloques-en-espagne-a-partir-de-madrid","status":"publish","type":"post","link":"https:\/\/linitiative.ca\/International\/rapatriement-des-marocains-bloques-en-espagne-a-partir-de-madrid\/","title":{"rendered":"Rapatriement des marocains bloqu\u00e9s en Espagne \u00e0 partir de Madrid"},"content":{"rendered":"<header>\n<div class=\"entry-post-meta\">\n<div class=\"author-link\">Publi\u00e9 par <a itemprop=\"author\" itemscope=\"\" itemtype=\"https:\/\/schema.org\/Person\" href=\"https:\/\/aujourdhui.ma\/author\/kaid\" rel=\"author\"><span itemprop=\"name\">ALM<\/span><\/a><\/div>\n<p>Date\u00a0:<time content=\"2020-06-13T12:21:08+01:00\" class=\"entry-date updated\" datetime=\"2020-06-13T12:21:08+01:00\">juin 13, 2020<\/time><\/p>\n<p>256Vues<\/p>\n<\/div>\n<\/header>\n<div class=\"entry-content clearfix\" readability=\"47\">\n<p><strong><span class=\"c5\">Dans le cadre de l\u2019op\u00e9ration de rapatriement des marocains bloqu\u00e9s \u00e0 l\u2019\u00c9tranger, ces images illustrent la d\u00e9marche diplomatique du 12 juin 2020 o\u00f9 300 marocains ont \u00e9t\u00e9 achemin\u00e9s \u00e0 l\u2019a\u00e9roport de Madrid pour regagner le Maroc.<\/span><span id=\"more-347509\"\/><\/strong><\/p>\n<p>Les mesures de s\u00e9curit\u00e9 et d\u2019hygi\u00e8ne, ont \u00e9t\u00e9 pr\u00e9vues, \u00e0 l\u2019instar de l\u2019op\u00e9ration men\u00e9e pour rapatrier, il y a quelques temps, les marocains bloqu\u00e9s \u00e0 Ceuta et Melillia.<\/p>\n<p>La question demeure sur le plan des voies terrestres car plusieurs marocains sont arriv\u00e9s en voiture le premier jour. Aucune information ne filtre pour l\u2019heure, sur la question de la mise en oeuvre des ferrys. A suivre\u2026<\/p>\n<\/div>\n<p>Auteur: ALM<br \/>\n<a href=\"https:\/\/aujourdhui.ma\/societe\/rapatriement-des-marocains-bloques-en-espagne-a-partir-de-madrid-1\">Cliquez ici pour lire l&rsquo;article depuis sa source.<\/a><\/p>\n","protected":false},"excerpt":{"rendered":"<p>Publi\u00e9 par ALM Date\u00a0:juin 13, 2020 256Vues Dans le cadre de l\u2019op\u00e9ration de rapatriement des marocains bloqu\u00e9s \u00e0 l\u2019\u00c9tranger, ces images illustrent la d\u00e9marche diplomatique du 12 juin 2020 o\u00f9 300 marocains ont \u00e9t\u00e9 achemin\u00e9s \u00e0 l\u2019a\u00e9roport de Madrid pour regagner le Maroc. Les mesures de s\u00e9curit\u00e9 et d\u2019hygi\u00e8ne, ont \u00e9t\u00e9 pr\u00e9vues, \u00e0 l\u2019instar de [&hellip;]<\/p>\n","protected":false},"author":1759,"featured_media":0,"comment_status":"closed","ping_status":"closed","sticky":false,"template":"","format":"standard","meta":{"fifu_image_url":"","fifu_image_alt":"","footnotes":""},"categories":[73,54],"tags":[],"class_list":["post-88823","post","type-post","status-publish","format-standard","hentry","category-actualite","category-maroc"],"_links":{"self":[{"href":"https:\/\/linitiative.ca\/International\/wp-json\/wp\/v2\/posts\/88823","targetHints":{"allow":["GET"]}}],"collection":[{"href":"https:\/\/linitiative.ca\/International\/wp-json\/wp\/v2\/posts"}],"about":[{"href":"https:\/\/linitiative.ca\/International\/wp-json\/wp\/v2\/types\/post"}],"author":[{"embeddable":true,"href":"https:\/\/linitiative.ca\/International\/wp-json\/wp\/v2\/users\/1759"}],"replies":[{"embeddable":true,"href":"https:\/\/linitiative.ca\/International\/wp-json\/wp\/v2\/comments?post=88823"}],"version-history":[{"count":0,"href":"https:\/\/linitiative.ca\/International\/wp-json\/wp\/v2\/posts\/88823\/revisions"}],"wp:attachment":[{"href":"https:\/\/linitiative.ca\/International\/wp-json\/wp\/v2\/media?parent=88823"}],"wp:term":[{"taxonomy":"category","embeddable":true,"href":"https:\/\/linitiative.ca\/International\/wp-json\/wp\/v2\/categories?post=88823"},{"taxonomy":"post_tag","embeddable":true,"href":"https:\/\/linitiative.ca\/International\/wp-json\/wp\/v2\/tags?post=88823"}],"curies":[{"name":"wp","href":"https:\/\/api.w.org\/{rel}","templated":true}]}}