{"id":88832,"date":"2020-06-13T08:31:00","date_gmt":"2020-06-13T12:31:00","guid":{"rendered":"https:\/\/linitiative.ca\/International\/les-taxis-individuels-reprennent-de-service-lundi\/"},"modified":"2020-06-13T08:31:00","modified_gmt":"2020-06-13T12:31:00","slug":"les-taxis-individuels-reprennent-de-service-lundi","status":"publish","type":"post","link":"https:\/\/linitiative.ca\/International\/les-taxis-individuels-reprennent-de-service-lundi\/","title":{"rendered":"Les taxis individuels reprennent de service lundi"},"content":{"rendered":"<div id=\"originalText\" readability=\"73\">\n<p>La wilaya d\u2019Alger a annonc\u00e9, ce samedi, la reprise des taxis individuels, \u00e0 partir de lundi 15 juin 2020, \u00e0 condition que l\u2019activit\u00e9 soit \u00ab\u00a0limit\u00e9e au seul niveau des secteurs urbains\u00bb et \u00ab\u00e0 l\u2019int\u00e9rieur du territoire de la wilaya d\u2019Alger, sans s&rsquo;\u00e9tendre au-del\u00e0\u00a0\u00bb, selon un communiqu\u00e9 publi\u00e9 sur la page Facebook de la wilaya d\u2019Alger.<\/p>\n<p>Afin d\u2019\u00e9viter la propagation du Covid-19, les chauffeurs et les clients devront respect\u00e9s un ensemble de conditions sanitaires, parmi elles\u00a0: installer une s\u00e9paration en plexy-glace entre le conducteur et le client, avec l&rsquo;obligation du port du masque pour le conducteur et le client, et mettre \u00e0 disposition des clients une solution hydroalcoolique.<\/p>\n<p>En plus de ces conditions, le nombre de places doit \u00eatre limit\u00e9 \u00e0 un client pour chaque course, et que ce dernier doit prendre place sur le si\u00e8ge arri\u00e8re de la voiture.<\/p>\n<p>Aussi, les si\u00e8ges de la voiture doivent \u00eatre recouverts d&rsquo;un film plastique, et ils doivent \u00eatre nettoy\u00e9s apr\u00e8s chaque trajet.<\/p>\n<p>Le chauffeur devra \u00e9galement nettoyer et d\u00e9sinfecter la voiture quotidiennement, en passant par les appuie-t\u00eates et les accoudoirs, ainsi que les poign\u00e9es de la porte.<\/p>\n<p>En outre, les chauffeurs de taxi individuels devraient subir des contr\u00f4les m\u00e9dicaux r\u00e9guliers. Le communiqu\u00e9 indique, enfin, que \u00ab\u00a0le non-respect de ces r\u00e8gles entra\u00eenera la cessation imm\u00e9diate de l&rsquo;activit\u00e9 avec l&rsquo;application stricte des sanctions pr\u00e9vues conform\u00e9ment aux lois et r\u00e8glements en vigueur\u00bb.<\/p>\n<p><img decoding=\"async\" alt=\"\" src=\"\/data\/upload\/104038633_695790137863459_5938602244296591139_n.jpg\" class=\"c6\"\/><\/p>\n<p class=\"c7\"><strong>Sihem Benmalek<\/strong><\/p>\n<\/div>\n<div id=\"text_core\" readability=\"73\">\n<p>La wilaya d\u2019Alger a annonc\u00e9, ce samedi, la reprise des taxis individuels, \u00e0 partir de lundi 15 juin 2020, \u00e0 condition que l\u2019activit\u00e9 soit \u00ab\u00a0limit\u00e9e au seul niveau des secteurs urbains\u00bb et \u00ab\u00e0 l\u2019int\u00e9rieur du territoire de la wilaya d\u2019Alger, sans s&rsquo;\u00e9tendre au-del\u00e0\u00a0\u00bb, selon un communiqu\u00e9 publi\u00e9 sur la page Facebook de la wilaya d\u2019Alger.<\/p>\n<p>Afin d\u2019\u00e9viter la propagation du Covid-19, les chauffeurs et les clients devront respect\u00e9s un ensemble de conditions sanitaires, parmi elles\u00a0: installer une s\u00e9paration en plexy-glace entre le conducteur et le client, avec l&rsquo;obligation du port du masque pour le conducteur et le client, et mettre \u00e0 disposition des clients une solution hydroalcoolique.<\/p>\n<p>En plus de ces conditions, le nombre de places doit \u00eatre limit\u00e9 \u00e0 un client pour chaque course, et que ce dernier doit prendre place sur le si\u00e8ge arri\u00e8re de la voiture.<\/p>\n<p>Aussi, les si\u00e8ges de la voiture doivent \u00eatre recouverts d&rsquo;un film plastique, et ils doivent \u00eatre nettoy\u00e9s apr\u00e8s chaque trajet.<\/p>\n<p>Le chauffeur devra \u00e9galement nettoyer et d\u00e9sinfecter la voiture quotidiennement, en passant par les appuie-t\u00eates et les accoudoirs, ainsi que les poign\u00e9es de la porte.<\/p>\n<p>En outre, les chauffeurs de taxi individuels devraient subir des contr\u00f4les m\u00e9dicaux r\u00e9guliers. Le communiqu\u00e9 indique, enfin, que \u00ab\u00a0le non-respect de ces r\u00e8gles entra\u00eenera la cessation imm\u00e9diate de l&rsquo;activit\u00e9 avec l&rsquo;application stricte des sanctions pr\u00e9vues conform\u00e9ment aux lois et r\u00e8glements en vigueur\u00bb.<\/p>\n<p><img decoding=\"async\" alt=\"\" src=\"\/data\/upload\/104038633_695790137863459_5938602244296591139_n.jpg\" class=\"c6\"\/><\/p>\n<p class=\"c7\"><strong>Sihem Benmalek<\/strong><\/p>\n<\/div>\n<p>Auteur:<br \/>\n<a href=\"https:\/\/www.liberte-algerie.com\/actualite\/les-taxis-individuels-reprennent-de-service-lundi-340163\">Cliquez ici pour lire l&rsquo;article depuis sa source.<\/a><\/p>\n","protected":false},"excerpt":{"rendered":"<p>La wilaya d\u2019Alger a annonc\u00e9, ce samedi, la reprise des taxis individuels, \u00e0 partir de lundi 15 juin 2020, \u00e0 condition que l\u2019activit\u00e9 soit \u00ab\u00a0limit\u00e9e au seul niveau des secteurs urbains\u00bb et \u00ab\u00e0 l\u2019int\u00e9rieur du territoire de la wilaya d\u2019Alger, sans s&rsquo;\u00e9tendre au-del\u00e0\u00a0\u00bb, selon un communiqu\u00e9 publi\u00e9 sur la page Facebook de la wilaya d\u2019Alger. [&hellip;]<\/p>\n","protected":false},"author":1742,"featured_media":88833,"comment_status":"closed","ping_status":"closed","sticky":false,"template":"","format":"standard","meta":{"fifu_image_url":"","fifu_image_alt":"","footnotes":""},"categories":[73,53],"tags":[],"class_list":["post-88832","post","type-post","status-publish","format-standard","has-post-thumbnail","hentry","category-actualite","category-algerie"],"_links":{"self":[{"href":"https:\/\/linitiative.ca\/International\/wp-json\/wp\/v2\/posts\/88832","targetHints":{"allow":["GET"]}}],"collection":[{"href":"https:\/\/linitiative.ca\/International\/wp-json\/wp\/v2\/posts"}],"about":[{"href":"https:\/\/linitiative.ca\/International\/wp-json\/wp\/v2\/types\/post"}],"author":[{"embeddable":true,"href":"https:\/\/linitiative.ca\/International\/wp-json\/wp\/v2\/users\/1742"}],"replies":[{"embeddable":true,"href":"https:\/\/linitiative.ca\/International\/wp-json\/wp\/v2\/comments?post=88832"}],"version-history":[{"count":0,"href":"https:\/\/linitiative.ca\/International\/wp-json\/wp\/v2\/posts\/88832\/revisions"}],"wp:featuredmedia":[{"embeddable":true,"href":"https:\/\/linitiative.ca\/International\/wp-json\/"}],"wp:attachment":[{"href":"https:\/\/linitiative.ca\/International\/wp-json\/wp\/v2\/media?parent=88832"}],"wp:term":[{"taxonomy":"category","embeddable":true,"href":"https:\/\/linitiative.ca\/International\/wp-json\/wp\/v2\/categories?post=88832"},{"taxonomy":"post_tag","embeddable":true,"href":"https:\/\/linitiative.ca\/International\/wp-json\/wp\/v2\/tags?post=88832"}],"curies":[{"name":"wp","href":"https:\/\/api.w.org\/{rel}","templated":true}]}}