{"id":88834,"date":"2020-06-13T09:33:00","date_gmt":"2020-06-13T13:33:00","guid":{"rendered":"https:\/\/linitiative.ca\/International\/merzoug-touati-yanis-adjlia-et-amar-beri-places-sous-mandat-de-depot\/"},"modified":"2020-06-13T09:33:00","modified_gmt":"2020-06-13T13:33:00","slug":"merzoug-touati-yanis-adjlia-et-amar-beri-places-sous-mandat-de-depot","status":"publish","type":"post","link":"https:\/\/linitiative.ca\/International\/merzoug-touati-yanis-adjlia-et-amar-beri-places-sous-mandat-de-depot\/","title":{"rendered":"Merzoug Touati, Yanis Adjlia et Amar Beri plac\u00e9s sous mandat de d\u00e9p\u00f4t"},"content":{"rendered":"<div id=\"originalText\" readability=\"57\">\n<p>Les militants Merzoug Touati, Yanis Adjlia et Amar Beri ont \u00e9t\u00e9 plac\u00e9s sous mandat de d\u00e9p\u00f4t, en comparution imm\u00e9diate, ce samedi, par le tribunal de B\u00e9ja\u00efa, selon le Comit\u00e9 national pour la lib\u00e9ration des d\u00e9tenus, qui pr\u00e9cise que \u00a0leur proc\u00e8s est renvoy\u00e9 au samedi 17 juin, \u00e0 14h.<\/p>\n<p>Merzoug Touati et Yanis Adjila sont poursuivis pour \u00abincitation \u00e0 attroupement, publication et distribution de publications pouvant porter atteinte \u00e0 l&rsquo;unit\u00e9 nationale\u00bb, ainsi que \u00abmettre la vie d&rsquo;autrui en danger durant la p\u00e9riode du confinement\u00bb, selon la m\u00eame source.<\/p>\n<p>Amar Beri est poursuivi pour les m\u00eames motifs en plus d\u2019\u00abatteinte \u00e0 la personne du pr\u00e9sident de la R\u00e9publique\u00bb et \u00aboutrage \u00e0 corps constitu\u00e9\u00bb.<\/p>\n<p>Les trois activistes ont \u00e9t\u00e9 arr\u00eat\u00e9s, vendredi, lors d\u2019une marche contre le syst\u00e8me, organis\u00e9e par plusieurs citoyens de B\u00e9ja\u00efa.<\/p>\n<p class=\"c6\"><strong>R\u00e9daction Web<\/strong><\/p>\n<\/div>\n<div id=\"text_core\" readability=\"57\">\n<p>Les militants Merzoug Touati, Yanis Adjlia et Amar Beri ont \u00e9t\u00e9 plac\u00e9s sous mandat de d\u00e9p\u00f4t, en comparution imm\u00e9diate, ce samedi, par le tribunal de B\u00e9ja\u00efa, selon le Comit\u00e9 national pour la lib\u00e9ration des d\u00e9tenus, qui pr\u00e9cise que \u00a0leur proc\u00e8s est renvoy\u00e9 au samedi 17 juin, \u00e0 14h.<\/p>\n<p>Merzoug Touati et Yanis Adjila sont poursuivis pour \u00abincitation \u00e0 attroupement, publication et distribution de publications pouvant porter atteinte \u00e0 l&rsquo;unit\u00e9 nationale\u00bb, ainsi que \u00abmettre la vie d&rsquo;autrui en danger durant la p\u00e9riode du confinement\u00bb, selon la m\u00eame source.<\/p>\n<p>Amar Beri est poursuivi pour les m\u00eames motifs en plus d\u2019\u00abatteinte \u00e0 la personne du pr\u00e9sident de la R\u00e9publique\u00bb et \u00aboutrage \u00e0 corps constitu\u00e9\u00bb.<\/p>\n<p>Les trois activistes ont \u00e9t\u00e9 arr\u00eat\u00e9s, vendredi, lors d\u2019une marche contre le syst\u00e8me, organis\u00e9e par plusieurs citoyens de B\u00e9ja\u00efa.<\/p>\n<p class=\"c6\"><strong>R\u00e9daction Web<\/strong><\/p>\n<\/div>\n<p>Auteur:<br \/>\n<a href=\"https:\/\/www.liberte-algerie.com\/actualite\/merzoug-touati-yanis-adjlia-et-amar-beri-places-sous-mandat-de-depot-340165\">Cliquez ici pour lire l&rsquo;article depuis sa source.<\/a><\/p>\n","protected":false},"excerpt":{"rendered":"<p>Les militants Merzoug Touati, Yanis Adjlia et Amar Beri ont \u00e9t\u00e9 plac\u00e9s sous mandat de d\u00e9p\u00f4t, en comparution imm\u00e9diate, ce samedi, par le tribunal de B\u00e9ja\u00efa, selon le Comit\u00e9 national pour la lib\u00e9ration des d\u00e9tenus, qui pr\u00e9cise que \u00a0leur proc\u00e8s est renvoy\u00e9 au samedi 17 juin, \u00e0 14h. Merzoug Touati et Yanis Adjila sont poursuivis [&hellip;]<\/p>\n","protected":false},"author":1742,"featured_media":0,"comment_status":"closed","ping_status":"closed","sticky":false,"template":"","format":"standard","meta":{"fifu_image_url":"","fifu_image_alt":"","footnotes":""},"categories":[73,53],"tags":[],"class_list":["post-88834","post","type-post","status-publish","format-standard","hentry","category-actualite","category-algerie"],"_links":{"self":[{"href":"https:\/\/linitiative.ca\/International\/wp-json\/wp\/v2\/posts\/88834","targetHints":{"allow":["GET"]}}],"collection":[{"href":"https:\/\/linitiative.ca\/International\/wp-json\/wp\/v2\/posts"}],"about":[{"href":"https:\/\/linitiative.ca\/International\/wp-json\/wp\/v2\/types\/post"}],"author":[{"embeddable":true,"href":"https:\/\/linitiative.ca\/International\/wp-json\/wp\/v2\/users\/1742"}],"replies":[{"embeddable":true,"href":"https:\/\/linitiative.ca\/International\/wp-json\/wp\/v2\/comments?post=88834"}],"version-history":[{"count":0,"href":"https:\/\/linitiative.ca\/International\/wp-json\/wp\/v2\/posts\/88834\/revisions"}],"wp:attachment":[{"href":"https:\/\/linitiative.ca\/International\/wp-json\/wp\/v2\/media?parent=88834"}],"wp:term":[{"taxonomy":"category","embeddable":true,"href":"https:\/\/linitiative.ca\/International\/wp-json\/wp\/v2\/categories?post=88834"},{"taxonomy":"post_tag","embeddable":true,"href":"https:\/\/linitiative.ca\/International\/wp-json\/wp\/v2\/tags?post=88834"}],"curies":[{"name":"wp","href":"https:\/\/api.w.org\/{rel}","templated":true}]}}