{"id":88838,"date":"2020-06-13T10:25:14","date_gmt":"2020-06-13T14:25:14","guid":{"rendered":"https:\/\/linitiative.ca\/International\/lancement-dun-challenge-de-lavage-des-mains-dans-les-lieux-publics\/"},"modified":"2020-06-13T10:25:14","modified_gmt":"2020-06-13T14:25:14","slug":"lancement-dun-challenge-de-lavage-des-mains-dans-les-lieux-publics","status":"publish","type":"post","link":"https:\/\/linitiative.ca\/International\/lancement-dun-challenge-de-lavage-des-mains-dans-les-lieux-publics\/","title":{"rendered":"Lancement d\u2019un challenge de lavage des mains dans les lieux publics"},"content":{"rendered":"<div readability=\"39\">\n<p>Marrakech \u2013 \u00ab\u00a0Entre tes mains, un geste pour nous reconnecter\u00a0\u00bb est le th\u00e8me d\u2019un \u00ab\u00a0big challenge\u00a0\u00bb lanc\u00e9, vendredi \u00e0 Marrakech, avec pour objectif de proposer un concept pertinent, robuste et durable autour de la probl\u00e9matique du lavage des mains dans les espaces publics au niveau de la cit\u00e9 ocre.<\/p>\n<\/div>\n<div readability=\"176\">\n<p>Ainsi, la Wilaya de la r\u00e9gion Marrakech-Safi, \u00ab\u00a0Emerging Business Factory\u00a0\u00bb (EBF), l\u2019Agence de Coop\u00e9ration internationale allemande (GIZ), la CGEM Marrakech-Safi, le Centre R\u00e9gional d\u2019Investissement (CRI), le Conseil communal de Marrakech et le Conseil de la r\u00e9gion, se sont alli\u00e9s pour lancer cette initiative, qui permettra d\u2019incuber et de financer un projet entrepreneurial innovant, r\u00e9alisable en six mois et r\u00e9pondant \u00e0 cette question de lavage des mains dans les lieux et places publics.<\/p>\n<p>En effet, expliquent les organisateurs, l\u2019OMS recommande le lavage des mains comme moyen principal pour contr\u00f4ler la propagation du Covid-19 et des maladies infectieuses en g\u00e9n\u00e9ral. Or, dans les espaces publics, en particulier dans les lieux \u00e0 forte circulation (les m\u00e9dinas, les gares, les arr\u00eats de bus, les march\u00e9s, les parcs, les \u00e9coles), les solutions de lavage des mains peuvent parfois manquer, d\u2019o\u00f9 l\u2019id\u00e9e judicieuse \u00e0 l\u2019origine du lancement de ce Hackathon, soulignent-ils.<\/p>\n<p>Apr\u00e8s le Hackathon de l\u2019eau, organis\u00e9 en 2019 en vue d\u2019identifier des projets susceptibles de faire de l\u2019utilisation de l\u2019eau dans la r\u00e9gion Marrakech-Safi un mode de consommation durable et \u00e9co-responsable, la priorit\u00e9 est accord\u00e9e, cette ann\u00e9e, aux solutions sanitaires pour la d\u00e9sinfection et le lavage des mains dans les espaces publics de la cit\u00e9 ocre.<\/p>\n<p>Ce challenge est ouvert \u00e0 tous les esprits cr\u00e9atifs qui proposeront une solution de lavage\/d\u00e9sinfection des mains dans les espaces publics \u00e0 Marrakech, en ciblant particuli\u00e8rement les zones \u00e0 forte affluence et les plus marginalis\u00e9es.<\/p>\n<p>L\u2019inscription \u00e0 cette comp\u00e9tition pour la premi\u00e8re s\u00e9lection sur dossier a \u00e9t\u00e9 ouverte le 10 juin, alors que la cl\u00f4ture des inscriptions des dossiers de pr\u00e9s\u00e9lection est pr\u00e9vue le 21 courant.<\/p>\n<p>S\u2019exprimant lors de la c\u00e9r\u00e9monie de lancement de ce challenge, Taoufik Aboudia, co-fondateur d\u2019EBF, s\u2019est f\u00e9licit\u00e9 de la contribution et des efforts soutenus des partenaires pour que cette initiative et ce travail sp\u00e9cifique voient le jour, affirmant que ce Hackathon, avec 650.000 DH \u00e0 la cl\u00e9, \u00ab\u00a0a quelque chose de tr\u00e8s sp\u00e9cifique en ce sens qu\u2019il s\u2019agit de l\u2019un des gestes les plus importants \u00e0 traiter aujourd\u2019hui\u00a0\u00bb.<\/p>\n<p>Il s\u2019agit, a-t-il encha\u00een\u00e9, d&rsquo;\u00a0\u00bbessayer d\u2019innover et de chercher la solution \u00e0 mettre en \u0153uvre sp\u00e9cifiquement au niveau des places publiques afin de faire de ces gestes barri\u00e8res qui nous bloquaient des challenges qu\u2019on peut rapidement d\u00e9brider ou +hacker+\u00a0\u00bb.<\/p>\n<p>M. Aboudia a, par ailleurs, fait savoir que l\u2019annonce des r\u00e9sultats de la pr\u00e9s\u00e9lection et des 5 projets finalistes devrait avoir lieu le 26 juin, pr\u00e9cisant que les porteurs des projets retenus b\u00e9n\u00e9ficieront, du 29 juin au 7 juillet prochain, de sessions de coaching pour booster les concepts, enrichir les propositions et pr\u00e9parer les \u00ab\u00a0pitchs\u00a0\u00bb de pr\u00e9sentation.<\/p>\n<p>De son c\u00f4t\u00e9, le pr\u00e9sident r\u00e9gional de la CGEM Marrakech-Safi, Youssef Mouhyi, a not\u00e9 que dans le cadre des actions entreprises pour la lutte contre la pand\u00e9mie du Covid-19, la CGEM-MS a lanc\u00e9 une charte baptis\u00e9e \u00ab\u00a0Bla Covid\u00a0\u00bb (sans Covid), une initiative visant \u00e0 inciter les professionnels \u00e0 adopter les mesures sanitaires pr\u00e9ventives pr\u00e9conis\u00e9es, dont le lavage des mains.<\/p>\n<p>Ainsi, ce challenge lanc\u00e9 par EBF et ses partenaires cadre parfaitement avec les efforts d\u00e9ploy\u00e9s et les actions men\u00e9es par la CGEM Marrakech-Safi et les diff\u00e9rentes parties concern\u00e9es, notamment la wilaya de la r\u00e9gion, a-t-il fait observer.<\/p>\n<p>Tout en mettant en avant la pertinence de l\u2019id\u00e9e du lancement de ce challenge et de la th\u00e9matique choisie, M. Mouhiyi a estim\u00e9 que cette initiative permettra de \u00ab\u00a0revivifier\u00a0\u00bb une tradition ancr\u00e9e dans la cit\u00e9 ocre : \u00ab\u00a0trouver de l\u2019eau partout pour se laver les mains et boire\u00a0\u00bb, soulignant que \u00ab\u00a0ce geste si simple mais si important de laver les mains nous rappelle, notamment en cette p\u00e9riode de crise sanitaire, combien les choses simples sont les plus efficaces\u00a0\u00bb.<\/p>\n<p>Pour sa part, le repr\u00e9sentant de l\u2019Agence de Coop\u00e9ration internationale allemande (GIZ), Pierre Guillibert, a indiqu\u00e9 que ce challenge porte, certes sur une pratique quotidienne tr\u00e8s simple, mais \u00ab\u00a0si importante\u00a0\u00bb, qui s\u2019inscrit parmi ces gestes barri\u00e8res n\u00e9cessaires pour mieux pr\u00e9parer le d\u00e9confinement.<\/p>\n<p>D\u2019o\u00f9, a-t-il soutenu, l\u2019opportunit\u00e9 de lancer ce challenge afin de pouvoir \u00e9viter une \u00ab\u00a0deuxi\u00e8me vague\u00a0\u00bb de la pand\u00e9mie, un objectif dont la r\u00e9alisation passe \u00e9galement par des gestes aussi simples soient-ils, comme le lavage des mains.<\/p>\n<p>Il a, dans la foul\u00e9e, mis en exergue la pertinence du slogan choisi pour ce Hackathon car, a-t-il conclu, \u00ab\u00a0notre sant\u00e9 est certainement entre nos mains\u00a0\u00bb.<\/p>\n<p>A noter qu\u2019une soir\u00e9e de cl\u00f4ture de ce challenge, qui sera ponctu\u00e9e par la pr\u00e9sentation des pitchs et la s\u00e9lection du jury du projet gagnant, sera organis\u00e9e le 10 juillet prochain, selon les organisateurs.<\/p>\n<p>Le projet gagnant b\u00e9n\u00e9ficiera de l\u2019accompagnement et de l\u2019expertise de Emerging Business Factory et de ses partenaires pour cr\u00e9er l\u2019entreprise, prototyper et d\u00e9ployer leur produit.<\/p>\n<p>Ainsi, il sera soutenu par un appui financier et technique de la GIZ et encadr\u00e9 par EBF pour une dur\u00e9e de six mois.<\/p>\n<\/div>\n<p>Auteur: Meriem IGASS<br \/>\n<a href=\"http:\/\/www.mapmarrakech.ma\/fr\/entre-tes-mains-un-challenge-de-lavage-des-mains-dans-les-lieux-publics\/\">Cliquez ici pour lire l&rsquo;article depuis sa source.<\/a><\/p>\n","protected":false},"excerpt":{"rendered":"<p>Marrakech \u2013 \u00ab\u00a0Entre tes mains, un geste pour nous reconnecter\u00a0\u00bb est le th\u00e8me d\u2019un \u00ab\u00a0big challenge\u00a0\u00bb lanc\u00e9, vendredi \u00e0 Marrakech, avec pour objectif de proposer un concept pertinent, robuste et durable autour de la probl\u00e9matique du lavage des mains dans les espaces publics au niveau de la cit\u00e9 ocre. Ainsi, la Wilaya de la r\u00e9gion [&hellip;]<\/p>\n","protected":false},"author":1788,"featured_media":0,"comment_status":"closed","ping_status":"closed","sticky":false,"template":"","format":"standard","meta":{"fifu_image_url":"","fifu_image_alt":"","footnotes":""},"categories":[54,76],"tags":[],"class_list":["post-88838","post","type-post","status-publish","format-standard","hentry","category-maroc","category-regions"],"_links":{"self":[{"href":"https:\/\/linitiative.ca\/International\/wp-json\/wp\/v2\/posts\/88838","targetHints":{"allow":["GET"]}}],"collection":[{"href":"https:\/\/linitiative.ca\/International\/wp-json\/wp\/v2\/posts"}],"about":[{"href":"https:\/\/linitiative.ca\/International\/wp-json\/wp\/v2\/types\/post"}],"author":[{"embeddable":true,"href":"https:\/\/linitiative.ca\/International\/wp-json\/wp\/v2\/users\/1788"}],"replies":[{"embeddable":true,"href":"https:\/\/linitiative.ca\/International\/wp-json\/wp\/v2\/comments?post=88838"}],"version-history":[{"count":0,"href":"https:\/\/linitiative.ca\/International\/wp-json\/wp\/v2\/posts\/88838\/revisions"}],"wp:attachment":[{"href":"https:\/\/linitiative.ca\/International\/wp-json\/wp\/v2\/media?parent=88838"}],"wp:term":[{"taxonomy":"category","embeddable":true,"href":"https:\/\/linitiative.ca\/International\/wp-json\/wp\/v2\/categories?post=88838"},{"taxonomy":"post_tag","embeddable":true,"href":"https:\/\/linitiative.ca\/International\/wp-json\/wp\/v2\/tags?post=88838"}],"curies":[{"name":"wp","href":"https:\/\/api.w.org\/{rel}","templated":true}]}}