{"id":88840,"date":"2020-06-13T12:22:59","date_gmt":"2020-06-13T16:22:59","guid":{"rendered":"https:\/\/linitiative.ca\/International\/eleves-distribution-de-cahiers-de-soutien-pedagogique\/"},"modified":"2020-06-13T12:22:59","modified_gmt":"2020-06-13T16:22:59","slug":"eleves-distribution-de-cahiers-de-soutien-pedagogique","status":"publish","type":"post","link":"https:\/\/linitiative.ca\/International\/eleves-distribution-de-cahiers-de-soutien-pedagogique\/","title":{"rendered":"El\u00e8ves: Distribution de cahiers de soutien p\u00e9dagogique"},"content":{"rendered":"<div readability=\"36\">\n<p>Chichaoua \u2013 La Direction provinciale de l\u2019Education nationale \u00e0 Chichaoua a annonc\u00e9, samedi, avoir proc\u00e9d\u00e9 \u00e0 la distribution de cahiers de soutien p\u00e9dagogique \u00e0 11.966 \u00e9l\u00e8ves dans des \u00e9tablissements scolaires en milieu rural au niveau de la province.<\/p>\n<\/div>\n<div readability=\"86\">\n<p>Les \u00e9l\u00e8ves b\u00e9n\u00e9ficiaires de cette initiative sont r\u00e9partis sur 155 \u00e9tablissements scolaires relevant de 33 communes rurales \u00e0 l\u2019\u00e9chelle de la province de Chichaoua, pr\u00e9cise la Direction provinciale.<\/p>\n<p>Ainsi, le gouverneur de la province, Bouabid El Guerrab, accompagn\u00e9 du directeur provincial de l\u2019\u00e9ducation nationale, Abderrahmane El Goumri et des agents d\u2019autorit\u00e9, a proc\u00e9d\u00e9 au lancement de l\u2019op\u00e9ration de distribution de ces cahiers dans la commune de Lamzoudia.<\/p>\n<p>Dans une d\u00e9claration \u00e0 la MAP \u00e0 cette occasion, M. El Goumri a not\u00e9 que cette op\u00e9ration s\u2019inscrit dans le cadre des efforts visant la promotion de l\u2019\u00e9quit\u00e9 et de l\u2019\u00e9galit\u00e9 des chances pour tous les \u00e9l\u00e8ves, en offrant des supports p\u00e9dagogiques \u00e0 ceux qui \u00e9prouvent des difficult\u00e9s en mati\u00e8re de suivi des cours \u00e0 distance, dans l\u2019objectif de consolider les acquis et leur apprentissage.<\/p>\n<p>Le choix des \u00e9tablissements scolaires concern\u00e9s a \u00e9t\u00e9 effectu\u00e9 sur la base des crit\u00e8res du d\u00e9ficit et de l\u2019emplacement dans une zone \u00e9loign\u00e9e, a expliqu\u00e9 le responsable, faisant savoir que l\u2019op\u00e9ration de distribution a \u00e9t\u00e9 achev\u00e9e vendredi au niveau des diff\u00e9rents \u00e9tablissements cibl\u00e9s.<\/p>\n<p>M. El Goumri a, en outre, salu\u00e9 les efforts d\u00e9ploy\u00e9s par les autorit\u00e9s provinciales et locales pour le soutien du secteur de l\u2019\u00e9ducation nationale \u00e0 l\u2019\u00e9chelle de la province, ainsi que la mobilisation et la contribution de la direction p\u00e9dagogique dans la gestion de cette op\u00e9ration en d\u00e9pit de la conjoncture exceptionnelle que traverse le Royaume.<\/p>\n<p>L\u2019op\u00e9ration de distribution a \u00e9t\u00e9 men\u00e9e en \u00e9troite coordination avec les autorit\u00e9s locales. Une commission a \u00e9t\u00e9 mise sur pied, \u00e0 cet effet, au niveau de la Direction provinciale pour veiller au bon d\u00e9roulement de l\u2019op\u00e9ration et de l\u2019acheminement de ces cahiers aux \u00e9l\u00e8ves dans le respect strict des mesures pr\u00e9ventives et sanitaires pr\u00e9conis\u00e9es.<\/p>\n<p>Ces cahiers de soutien ont \u00e9t\u00e9 \u00e9labor\u00e9s par le minist\u00e8re de l\u2019Education nationale, de la Formation professionnelle, de l\u2019Enseignement sup\u00e9rieur et de la Recherche scientifique, en coop\u00e9ration avec l\u2019Association marocaine des \u00e9diteurs en vue de parachever le processus de l\u2019enseignement \u00e0 distance, lanc\u00e9 sur les cha\u00eenes TV nationales, et la mise en place des classes virtuelles et des plateformes num\u00e9riques, autant de mesures pr\u00e9ventives pour pr\u00e9server la sant\u00e9 des \u00e9tudiants et du personnel administratif et p\u00e9dagogique, en plein combat contre le Covid-19.<\/p>\n<\/div>\n<p>Auteur: Meriem IGASS<br \/>\n<a href=\"http:\/\/www.mapmarrakech.ma\/fr\/eleves-distribution-de-cahiers-de-soutien-pedagogique\/\">Cliquez ici pour lire l&rsquo;article depuis sa source.<\/a><\/p>\n","protected":false},"excerpt":{"rendered":"<p>Chichaoua \u2013 La Direction provinciale de l\u2019Education nationale \u00e0 Chichaoua a annonc\u00e9, samedi, avoir proc\u00e9d\u00e9 \u00e0 la distribution de cahiers de soutien p\u00e9dagogique \u00e0 11.966 \u00e9l\u00e8ves dans des \u00e9tablissements scolaires en milieu rural au niveau de la province. Les \u00e9l\u00e8ves b\u00e9n\u00e9ficiaires de cette initiative sont r\u00e9partis sur 155 \u00e9tablissements scolaires relevant de 33 communes rurales [&hellip;]<\/p>\n","protected":false},"author":1788,"featured_media":0,"comment_status":"closed","ping_status":"closed","sticky":false,"template":"","format":"standard","meta":{"fifu_image_url":"","fifu_image_alt":"","footnotes":""},"categories":[54,76],"tags":[],"class_list":["post-88840","post","type-post","status-publish","format-standard","hentry","category-maroc","category-regions"],"_links":{"self":[{"href":"https:\/\/linitiative.ca\/International\/wp-json\/wp\/v2\/posts\/88840","targetHints":{"allow":["GET"]}}],"collection":[{"href":"https:\/\/linitiative.ca\/International\/wp-json\/wp\/v2\/posts"}],"about":[{"href":"https:\/\/linitiative.ca\/International\/wp-json\/wp\/v2\/types\/post"}],"author":[{"embeddable":true,"href":"https:\/\/linitiative.ca\/International\/wp-json\/wp\/v2\/users\/1788"}],"replies":[{"embeddable":true,"href":"https:\/\/linitiative.ca\/International\/wp-json\/wp\/v2\/comments?post=88840"}],"version-history":[{"count":0,"href":"https:\/\/linitiative.ca\/International\/wp-json\/wp\/v2\/posts\/88840\/revisions"}],"wp:attachment":[{"href":"https:\/\/linitiative.ca\/International\/wp-json\/wp\/v2\/media?parent=88840"}],"wp:term":[{"taxonomy":"category","embeddable":true,"href":"https:\/\/linitiative.ca\/International\/wp-json\/wp\/v2\/categories?post=88840"},{"taxonomy":"post_tag","embeddable":true,"href":"https:\/\/linitiative.ca\/International\/wp-json\/wp\/v2\/tags?post=88840"}],"curies":[{"name":"wp","href":"https:\/\/api.w.org\/{rel}","templated":true}]}}