{"id":88843,"date":"2020-06-13T12:53:21","date_gmt":"2020-06-13T16:53:21","guid":{"rendered":"https:\/\/linitiative.ca\/International\/ouargla-electrification-des-exploitations-agricoles-dans-la-commune-dain-el-beida\/"},"modified":"2020-06-13T12:53:21","modified_gmt":"2020-06-13T16:53:21","slug":"ouargla-electrification-des-exploitations-agricoles-dans-la-commune-dain-el-beida","status":"publish","type":"post","link":"https:\/\/linitiative.ca\/International\/ouargla-electrification-des-exploitations-agricoles-dans-la-commune-dain-el-beida\/","title":{"rendered":"Ouargla : \u00e9lectrification des exploitations agricoles dans la commune d\u2019Ain El-Beida"},"content":{"rendered":"<div readability=\"38\">\n<p><strong>OUARGLA- Le r\u00e9seau d\u2019\u00e9lectrification des exploitations agricoles, localis\u00e9es dans le p\u00e9rim\u00e8tre d\u2019Ain Zekkar, commune d\u2019Ain-El-Beida, p\u00e9riph\u00e9rie d\u2019Ouargla, a \u00e9t\u00e9 mis en service samedi par les autorit\u00e9s locales.<\/strong><\/p>\n<\/div>\n<div readability=\"79\">\n<p>L\u2019op\u00e9ration d\u2019\u00e9lectrification s\u2019inscrit au titre des efforts visant le d\u00e9veloppement de l\u2019agriculture dans la r\u00e9gion, l\u2019extension des superficies agricoles et la propulsion de l\u2019agronomie saharienne, a soulign\u00e9 le wali d\u2019Ouargla, Aboubakr Seddik Boucetta, lors de l\u2019inauguration de l\u2019op\u00e9ration en pr\u00e9sence du directeur r\u00e9gional de l\u2019entreprise de distribution de l\u2019\u00e9lectricit\u00e9 et du gaz, Sonelgaz.<\/p>\n<p>Lanc\u00e9e en novembre 2019 pour un montant d\u2019investissement de plus de 21 millions DA, cette op\u00e9ration d\u2019\u00e9lectrification a donn\u00e9 lieu \u00e0 la r\u00e9alisation d\u2019un r\u00e9seau long de 4,5 km, a expliqu\u00e9 le directeur des services agricoles (DSA), Salim Benzaoui.<\/p>\n<p>Cr\u00e9\u00e9 en 2012 sur une surface globale de 7.500 ha, exploit\u00e9s par 102 agriculteurs, ce p\u00e9rim\u00e8tre n\u2019a enregistr\u00e9 depuis, que l\u2019exploitation de 500 ha en raison des contraintes li\u00e9es notamment \u00e0 l\u2019absence d\u2019\u00e9lectricit\u00e9 et des pistes d\u2019acc\u00e8s agricole, a expliqu\u00e9 M.\u00a0 Benzaoui .<\/p>\n<p>Equip\u00e9es actuellement de onze (11) pivots d\u2019irrigation, les exploitations sont d\u00e9di\u00e9es \u00e0 plusieurs segments culturaux, dont ceux strat\u00e9giques (c\u00e9r\u00e9aliculture), la ph\u0153niciculture, la serriculture et les maraichages.<\/p>\n<p>La wilaya d\u2019Ouargla dispose de 114 p\u00e9rim\u00e8tres agricoles, d\u2019une surface globale de 15.000 ha, exploit\u00e9s par plus de 700 agriculteurs, \u00e0 la faveur des op\u00e9rations d\u2019accompagnement assur\u00e9es \u00e0 \u00e9chelle de 70% par l\u2019Etat.<\/p>\n<p>Elles consistent en l\u2019\u00e9lectrification agricole, l\u2019ouverture des pistes d\u2019acc\u00e8s, l\u2019\u00e9lectrification des forages agricoles, en sus du soutien des agriculteurs pur l\u2019acquisition des \u00e9quipements d\u2019irrigation sous-pivots, a-t-on fait savoir.<\/p>\n<\/div>\n<p>Auteur:<br \/>\n<a href=\"http:\/\/www.aps.dz\/regions\/106140-ouargla-electrification-des-exploitations-agricoles-dans-la-commune-d-ain-el-beida\">Cliquez ici pour lire l&rsquo;article depuis sa source.<\/a><\/p>\n","protected":false},"excerpt":{"rendered":"<p>OUARGLA- Le r\u00e9seau d\u2019\u00e9lectrification des exploitations agricoles, localis\u00e9es dans le p\u00e9rim\u00e8tre d\u2019Ain Zekkar, commune d\u2019Ain-El-Beida, p\u00e9riph\u00e9rie d\u2019Ouargla, a \u00e9t\u00e9 mis en service samedi par les autorit\u00e9s locales. L\u2019op\u00e9ration d\u2019\u00e9lectrification s\u2019inscrit au titre des efforts visant le d\u00e9veloppement de l\u2019agriculture dans la r\u00e9gion, l\u2019extension des superficies agricoles et la propulsion de l\u2019agronomie saharienne, a soulign\u00e9 le [&hellip;]<\/p>\n","protected":false},"author":1790,"featured_media":0,"comment_status":"closed","ping_status":"closed","sticky":false,"template":"","format":"standard","meta":{"fifu_image_url":"","fifu_image_alt":"","footnotes":""},"categories":[53,76],"tags":[],"class_list":["post-88843","post","type-post","status-publish","format-standard","hentry","category-algerie","category-regions"],"_links":{"self":[{"href":"https:\/\/linitiative.ca\/International\/wp-json\/wp\/v2\/posts\/88843","targetHints":{"allow":["GET"]}}],"collection":[{"href":"https:\/\/linitiative.ca\/International\/wp-json\/wp\/v2\/posts"}],"about":[{"href":"https:\/\/linitiative.ca\/International\/wp-json\/wp\/v2\/types\/post"}],"author":[{"embeddable":true,"href":"https:\/\/linitiative.ca\/International\/wp-json\/wp\/v2\/users\/1790"}],"replies":[{"embeddable":true,"href":"https:\/\/linitiative.ca\/International\/wp-json\/wp\/v2\/comments?post=88843"}],"version-history":[{"count":0,"href":"https:\/\/linitiative.ca\/International\/wp-json\/wp\/v2\/posts\/88843\/revisions"}],"wp:attachment":[{"href":"https:\/\/linitiative.ca\/International\/wp-json\/wp\/v2\/media?parent=88843"}],"wp:term":[{"taxonomy":"category","embeddable":true,"href":"https:\/\/linitiative.ca\/International\/wp-json\/wp\/v2\/categories?post=88843"},{"taxonomy":"post_tag","embeddable":true,"href":"https:\/\/linitiative.ca\/International\/wp-json\/wp\/v2\/tags?post=88843"}],"curies":[{"name":"wp","href":"https:\/\/api.w.org\/{rel}","templated":true}]}}