{"id":88846,"date":"2020-06-12T16:21:38","date_gmt":"2020-06-12T20:21:38","guid":{"rendered":"https:\/\/linitiative.ca\/International\/marocains-bloques-a-letranger-289-citoyens-rapatries-despagne\/"},"modified":"2020-06-12T16:21:38","modified_gmt":"2020-06-12T20:21:38","slug":"marocains-bloques-a-letranger-289-citoyens-rapatries-despagne","status":"publish","type":"post","link":"https:\/\/linitiative.ca\/International\/marocains-bloques-a-letranger-289-citoyens-rapatries-despagne\/","title":{"rendered":"Marocains bloqu\u00e9s \u00e0 l\u2019\u00e9tranger : 289 citoyens rapatri\u00e9s d\u2019Espagne"},"content":{"rendered":"<p class=\"c4\">Quelque 289 Marocains, dont des enfants et des b\u00e9b\u00e9s, sont arriv\u00e9s, vendredi, \u00e0 l\u2019a\u00e9roport d\u2019Oujda-Angad \u00e0 bord de trois vols successifs en provenance de Madrid, op\u00e9r\u00e9s dans le cadre du rapatriement des Marocains bloqu\u00e9s \u00e0 l\u2019\u00e9tranger en raison de la pand\u00e9mie du nouveau coronavirus.<\/p>\n<p class=\"c4\">Les trois vols charters, avec \u00e0 bord respectivement 103, 101 et 85 personnes, ont b\u00e9n\u00e9fici\u00e9 \u00e0 des citoyens marocains qui se trouvaient bloqu\u00e9s dans la r\u00e9gion centrale d\u2019Espagne.<\/p>\n<p class=\"c4\">L\u2019op\u00e9ration s\u2019est d\u00e9roul\u00e9e dans le respect total des mesures de pr\u00e9caution et du protocole sanitaire en vigueur, sous la supervision des services concern\u00e9s.<\/p>\n<p class=\"c4\">A leur arriv\u00e9e, ces personnes, munies de leurs masques de protection, ont pu effectuer les formalit\u00e9s douani\u00e8res et r\u00e9cup\u00e9rer leurs bagages de mani\u00e8re fluide et ordonn\u00e9e, dans le respect des distances de s\u00e9curit\u00e9 et avec utilisation des bornes distributrices de gels hydroalcooliques.<\/p>\n<p class=\"c4\">Ces citoyens ont ensuite embarqu\u00e9 dans des bus \u00e0 destination d\u2019un \u00e9tablissement h\u00f4telier de la ville de Saidia, o\u00f9 ils seront soumis aux tests de d\u00e9pistage au nouveau coronavirus (Covid-19) et seront confin\u00e9s selon les proc\u00e9dures sanitaires en vigueur.<\/p>\n<p class=\"c4\">Dans une d\u00e9claration \u00e0 la presse \u00e0 cette occasion, le directeur de l\u2019a\u00e9roport d\u2019Oujda-Angad, Mohcine Benhaddouche, a indiqu\u00e9 que l\u2019op\u00e9ration de rapatriement s\u2019est d\u00e9roul\u00e9e dans d\u2019excellentes conditions et en prenant l\u2019ensemble des dispositions sanitaires n\u00e9cessaires, avec le concours de l\u2019ensemble des services op\u00e9rant au sein de l\u2019a\u00e9roport, sous le contr\u00f4le sanitaire du minist\u00e8re de la Sant\u00e9.<\/p>\n<p class=\"c4\">L\u2019ensemble du personnel travaillant au sein de l\u2019a\u00e9roport a b\u00e9n\u00e9fici\u00e9 d\u2019une formation en mati\u00e8re de gestion de ce genre d\u2019op\u00e9rations, a-t-il affirm\u00e9, notant que des moyens ont \u00e9t\u00e9 d\u00e9ploy\u00e9s pour r\u00e9duire le risque sanitaire, comme la mise en place de distributeurs de gels hydroalcooliques et de cam\u00e9ras thermiques pour d\u00e9celer toute temp\u00e9rature suspecte, ainsi que la mise en \u0153uvre des mesures de distanciation physique.<\/p>\n<p class=\"c4\">Par ailleurs, le dispositif de l\u2019ensemble des services intervenants a \u00e9t\u00e9 renforc\u00e9 afin que le temps de passage de ces personnes rapatri\u00e9es soit le plus court possible, dans le but de minimiser le risque de contagion \u00e9ventuelle, a ajout\u00e9 M. Benhaddouche.<\/p>\n<p class=\"c4\">Des personnes rapatri\u00e9es ont dit, dans des d\u00e9clarations \u00e0 cette occasion, toute leur joie et soulagement de regagner la m\u00e8re patrie, exprimant leurs remerciements \u00e0 SM le Roi Mohammed VI pour cette noble initiative.<\/p>\n<p class=\"c4\">Elles ont \u00e9galement affirm\u00e9 que le voyage s\u2019est d\u00e9roul\u00e9 dans de bonnes conditions, saluant \u00e0 cet \u00e9gard les efforts du Consulat du Royaume du Maroc \u00e0 Madrid et de l\u2019ensemble des autorit\u00e9s et parties intervenant dans cette op\u00e9ration.<\/p>\n<p class=\"c4\">A noter que quelque 310 Marocains, dont 10 b\u00e9b\u00e9s, bloqu\u00e9s en Espagne, ont \u00e9t\u00e9 rapatri\u00e9s mercredi \u00e0 bord de trois vols arriv\u00e9s \u00e0 T\u00e9touan en provenance de la r\u00e9gion d\u2019Andalousie (Sud d\u2019Espagne).<\/p>\n<p class=\"c4\">Lundi prochain, des vols similaires b\u00e9n\u00e9ficieront \u00e0 300 autres citoyens marocains dans la r\u00e9gion nord-ouest d\u2019Espagne, et ce \u00e0 partir de Barcelone.<\/p>\n<p class=\"c4\">Toutes ces op\u00e9rations suivront le m\u00eame protocole sanitaire, avec des tests de d\u00e9pistage au virus \u00e0 l\u2019arriv\u00e9e et un confinement de neuf jours dans le cadre du suivi m\u00e9dical n\u00e9cessaire, le but \u00e9tant de s\u2019assurer que ces personnes ne constitueront pas un danger pour eux-m\u00eames ou leurs familles et voisins.<\/p>\n<p class=\"c4\">Au total, plus de 900 personnes seront rapatri\u00e9es, ce qui constitue une acc\u00e9l\u00e9ration de la cadence des op\u00e9rations de rapatriement qui devront concerner prochainement d\u2019autres r\u00e9gions et pays.<\/p>\n<p class=\"c4\">Ces op\u00e9rations, qui font suite au discours du Ministre des Affaires \u00e9trang\u00e8res, de la Coop\u00e9ration africaine et des Marocains r\u00e9sidant \u00e0 l\u2019\u00e9tranger, M. Nasser Bourita, devant la Chambre des conseillers annon\u00e7ant le d\u00e9but du rapatriement, se d\u00e9rouleront dans le droit fil de la strat\u00e9gie globale mise en place au Maroc conform\u00e9ment aux Hautes orientations de SM le Roi Mohammed VI.<\/p>\n<p>Auteur: Soufiane ELAHMAR<br \/>\n<a href=\"http:\/\/www.mapoujda.ma\/fr\/marocains-bloques-a-letranger-289-citoyens-rapatries-despagne\/\">Cliquez ici pour lire l&rsquo;article depuis sa source.<\/a><\/p>\n","protected":false},"excerpt":{"rendered":"<p>Quelque 289 Marocains, dont des enfants et des b\u00e9b\u00e9s, sont arriv\u00e9s, vendredi, \u00e0 l\u2019a\u00e9roport d\u2019Oujda-Angad \u00e0 bord de trois vols successifs en provenance de Madrid, op\u00e9r\u00e9s dans le cadre du rapatriement des Marocains bloqu\u00e9s \u00e0 l\u2019\u00e9tranger en raison de la pand\u00e9mie du nouveau coronavirus. Les trois vols charters, avec \u00e0 bord respectivement 103, 101 et [&hellip;]<\/p>\n","protected":false},"author":1788,"featured_media":0,"comment_status":"closed","ping_status":"closed","sticky":false,"template":"","format":"standard","meta":{"fifu_image_url":"","fifu_image_alt":"","footnotes":""},"categories":[54,76],"tags":[],"class_list":["post-88846","post","type-post","status-publish","format-standard","hentry","category-maroc","category-regions"],"_links":{"self":[{"href":"https:\/\/linitiative.ca\/International\/wp-json\/wp\/v2\/posts\/88846","targetHints":{"allow":["GET"]}}],"collection":[{"href":"https:\/\/linitiative.ca\/International\/wp-json\/wp\/v2\/posts"}],"about":[{"href":"https:\/\/linitiative.ca\/International\/wp-json\/wp\/v2\/types\/post"}],"author":[{"embeddable":true,"href":"https:\/\/linitiative.ca\/International\/wp-json\/wp\/v2\/users\/1788"}],"replies":[{"embeddable":true,"href":"https:\/\/linitiative.ca\/International\/wp-json\/wp\/v2\/comments?post=88846"}],"version-history":[{"count":0,"href":"https:\/\/linitiative.ca\/International\/wp-json\/wp\/v2\/posts\/88846\/revisions"}],"wp:attachment":[{"href":"https:\/\/linitiative.ca\/International\/wp-json\/wp\/v2\/media?parent=88846"}],"wp:term":[{"taxonomy":"category","embeddable":true,"href":"https:\/\/linitiative.ca\/International\/wp-json\/wp\/v2\/categories?post=88846"},{"taxonomy":"post_tag","embeddable":true,"href":"https:\/\/linitiative.ca\/International\/wp-json\/wp\/v2\/tags?post=88846"}],"curies":[{"name":"wp","href":"https:\/\/api.w.org\/{rel}","templated":true}]}}