{"id":88847,"date":"2020-06-12T18:06:18","date_gmt":"2020-06-12T22:06:18","guid":{"rendered":"https:\/\/linitiative.ca\/International\/marocains-bloques-a-letranger-289-citoyens-rapatries-despagne-2\/"},"modified":"2020-06-12T18:06:18","modified_gmt":"2020-06-12T22:06:18","slug":"marocains-bloques-a-letranger-289-citoyens-rapatries-despagne-2","status":"publish","type":"post","link":"https:\/\/linitiative.ca\/International\/marocains-bloques-a-letranger-289-citoyens-rapatries-despagne-2\/","title":{"rendered":"Marocains bloqu\u00e9s \u00e0 l\u2019\u00e9tranger : 289 citoyens rapatri\u00e9s d\u2019Espagne"},"content":{"rendered":"<p><iframe loading=\"lazy\" width=\"1170\" height=\"658\" src=\"https:\/\/www.youtube.com\/embed\/ivGtcSO2ttk?feature=oembed\" frameborder=\"0\" allow=\"accelerometer; autoplay; encrypted-media; gyroscope; picture-in-picture\" allowfullscreen=\"\">[embedded content]<\/iframe><\/p>\n<div class=\"single-post-excerpt post-excerpt-bc\" readability=\"40\">\n<p>Quelque 289 Marocains, dont des enfants et des b\u00e9b\u00e9s, sont arriv\u00e9s, vendredi, \u00e0 l\u2019a\u00e9roport d\u2019Oujda-Angad \u00e0 bord de trois vols successifs en provenance de Madrid, op\u00e9r\u00e9s dans le cadre du rapatriement des Marocains bloqu\u00e9s \u00e0 l\u2019\u00e9tranger en raison de la pand\u00e9mie du nouveau coronavirus.<\/p>\n<\/div>\n<p>Auteur: Soufiane ELAHMAR<br \/>\n<a href=\"http:\/\/www.mapoujda.ma\/fr\/marocains-bloques-a-letranger-289-citoyens-rapatries-despagne-video\/\">Cliquez ici pour lire l&rsquo;article depuis sa source.<\/a><\/p>\n","protected":false},"excerpt":{"rendered":"<p>[embedded content] Quelque 289 Marocains, dont des enfants et des b\u00e9b\u00e9s, sont arriv\u00e9s, vendredi, \u00e0 l\u2019a\u00e9roport d\u2019Oujda-Angad \u00e0 bord de trois vols successifs en provenance de Madrid, op\u00e9r\u00e9s dans le cadre du rapatriement des Marocains bloqu\u00e9s \u00e0 l\u2019\u00e9tranger en raison de la pand\u00e9mie du nouveau coronavirus. Auteur: Soufiane ELAHMAR Cliquez ici pour lire l&rsquo;article depuis [&hellip;]<\/p>\n","protected":false},"author":1788,"featured_media":0,"comment_status":"closed","ping_status":"closed","sticky":false,"template":"","format":"standard","meta":{"fifu_image_url":"","fifu_image_alt":"","footnotes":""},"categories":[54,76],"tags":[],"class_list":["post-88847","post","type-post","status-publish","format-standard","hentry","category-maroc","category-regions"],"_links":{"self":[{"href":"https:\/\/linitiative.ca\/International\/wp-json\/wp\/v2\/posts\/88847","targetHints":{"allow":["GET"]}}],"collection":[{"href":"https:\/\/linitiative.ca\/International\/wp-json\/wp\/v2\/posts"}],"about":[{"href":"https:\/\/linitiative.ca\/International\/wp-json\/wp\/v2\/types\/post"}],"author":[{"embeddable":true,"href":"https:\/\/linitiative.ca\/International\/wp-json\/wp\/v2\/users\/1788"}],"replies":[{"embeddable":true,"href":"https:\/\/linitiative.ca\/International\/wp-json\/wp\/v2\/comments?post=88847"}],"version-history":[{"count":0,"href":"https:\/\/linitiative.ca\/International\/wp-json\/wp\/v2\/posts\/88847\/revisions"}],"wp:attachment":[{"href":"https:\/\/linitiative.ca\/International\/wp-json\/wp\/v2\/media?parent=88847"}],"wp:term":[{"taxonomy":"category","embeddable":true,"href":"https:\/\/linitiative.ca\/International\/wp-json\/wp\/v2\/categories?post=88847"},{"taxonomy":"post_tag","embeddable":true,"href":"https:\/\/linitiative.ca\/International\/wp-json\/wp\/v2\/tags?post=88847"}],"curies":[{"name":"wp","href":"https:\/\/api.w.org\/{rel}","templated":true}]}}