{"id":88850,"date":"2020-06-13T10:30:00","date_gmt":"2020-06-13T14:30:00","guid":{"rendered":"https:\/\/linitiative.ca\/International\/la-colere-des-policiers-ne-faiblit-pas-en-france\/"},"modified":"2020-06-13T10:30:00","modified_gmt":"2020-06-13T14:30:00","slug":"la-colere-des-policiers-ne-faiblit-pas-en-france","status":"publish","type":"post","link":"https:\/\/linitiative.ca\/International\/la-colere-des-policiers-ne-faiblit-pas-en-france\/","title":{"rendered":"La col\u00e8re des policiers ne faiblit pas en France"},"content":{"rendered":"<p class=\"p1 c3\"><span class=\"c2\">Descente des Champs Elys\u00e9es, menottes jet\u00e9es \u00e0 terre&#8230; : la col\u00e8re des policiers ne faiblissait pas hier contre Christophe Castaner, au point que d\u00e9sormais leurs syndicats demandent \u00e0 \u00eatre re\u00e7us par le chef de l\u2019Etat.<\/span><\/p>\n<p class=\"p1 c3\"><span class=\"c2\">Des policiers en col\u00e8re, d\u2019autres pr\u00e9sidents ou ministres de l\u2019Int\u00e9rieur ont d\u00fb en affronter par le pass\u00e9. Mais ce nouvel \u00e9pisode intervient dans un climat de d\u00e9fiance vis-\u00e0-vis de l\u2019ex\u00e9cutif, des rumeurs de remaniement et une longue s\u00e9quence de manifestations et de sollicitations des forces de l\u2019ordre, des \u00abgilets jaunes\u00bb au contr\u00f4le du confinement en passant par le mouvement contre la r\u00e9forme des retraites.<\/span><\/p>\n<p class=\"p1 c3\"><span class=\"c2\">Il survient en outre la veille de nouvelles manifestations contre les violences polici\u00e8res et le racisme et 48 heures avant une allocution du pr\u00e9sident Emmanuel Macron.<\/span><\/p>\n<p class=\"p1 c3\"><span class=\"c2\">\u00abOn est venu dire au pr\u00e9sident Macron qu\u2019il doit soutenir, respecter, consid\u00e9rer sa police (&#8230;) La police n\u2019est pas raciste, la police est r\u00e9publicaine (&#8230;), elle ne choisit pas sa d\u00e9linquance, elle ne choisit pas la couleur de la d\u00e9linquance (&#8230;) et elle sauve des vies quelle que soit la couleur de la peau de l\u2019individu\u00bb, s\u2019est agac\u00e9 hier Fabien Vanhemelryck, secr\u00e9taire g\u00e9n\u00e9ral du syndicat Alliance, \u00e0 deux pas de l\u2019Elys\u00e9e.<\/span><\/p>\n<p class=\"p1 c3\"><span class=\"c2\">Une vingtaine de voitures sigl\u00e9es des syndicats de police venait de descendre les Champs-Elys\u00e9es jusqu\u2019\u00e0 la place Beauvau, devant le minist\u00e8re de l\u2019Int\u00e9rieur, derri\u00e8re une banderole affichant \u00abpas de police, pas de paix\u00bb.<\/span><\/p>\n<p class=\"p1 c3\"><span class=\"c2\">Un peu partout en France, depuis jeudi, les policiers organisent des actions diverses et symboliques, comme jeter \u00e0 terre leurs menottes, pour clamer leur ras-le-bol et leur demande de soutien de la part de l\u2019ex\u00e9cutif.<\/span><\/p>\n<p class=\"p1 c3\"><span class=\"c2\">Pour Patrice Ribeiro du syndicat Synergie, on \u00abconspue la police\u00bb. \u00abPourquoi ? Parce qu\u2019au plus haut niveau de l\u2019Etat on a peur d\u2019une minorit\u00e9 agissante (&#8230;), on voudrait que les politiques, au premier rang desquels le pr\u00e9sident de la R\u00e9publique, nous apportent leur soutien, il doit nous recevoir\u00bb, a-t-il dit.<\/span><\/p>\n<p class=\"p1 c3\"><span class=\"c2\">La mort aux Etats-Unis de George Floyd sous le genou d\u2019un policier a raviv\u00e9 en France les accusations de violences polici\u00e8res et de racisme. Des accusations relay\u00e9es avec force par le comit\u00e9 Adama Traor\u00e9 du nom d\u2019un jeune homme noir d\u00e9c\u00e9d\u00e9 en juillet 2016 lors d\u2019une interpellation par des gendarmes en r\u00e9gion parisienne.<\/span><\/p>\n<p class=\"p1 c3\"><span class=\"c2\">Alors que plusieurs chefs d\u2019Etat et de gouvernement, \u00e0 l\u2019instar de l\u2019Allemande Angela Merkel ou du Canadien Justin Trudeau, ont condamn\u00e9 la mort de George Floyd, Emmanuel Macron est rest\u00e9 mutique publiquement.<\/span><\/p>\n<p class=\"p1 c3\"><span class=\"c2\">Le succ\u00e8s de la manifestation \u00e0 l\u2019appel du comit\u00e9 Traor\u00e9, qui a rassembl\u00e9 le 2 juin \u00e0 Paris 20.000 personnes, a surpris et frapp\u00e9 l\u2019ex\u00e9cutif. Si bien que le pr\u00e9sident Macron a demand\u00e9 \u00e0 Christophe Castaner d\u2019agir et de renforcer les r\u00e8gles de d\u00e9ontologie de la police.<\/span><\/p>\n<p class=\"p1 c3\"><span class=\"c2\">C\u2019est ainsi que lundi le ministre a pr\u00f4n\u00e9 la \u00abtol\u00e9rance z\u00e9ro\u00bb envers le racisme dans les rangs de la police et l\u2019interdiction d\u2019une technique d\u2019interpellation sans la mise en oeuvre d\u2019une autre m\u00e9thode. Ce qui a d\u00e9clench\u00e9 la col\u00e8re des policiers.<\/span><\/p>\n<p class=\"p1 c3\"><span class=\"c2\">Depuis, Edouard Philippe est mont\u00e9 au cr\u00e9neau pour t\u00e9moigner mercredi au S\u00e9nat de sa confiance dans les forces de l\u2019ordre. La garde des Sceaux, Nicole Belloubet a estim\u00e9 pour sa part au sujet des policiers qu\u2019il s\u2019agissait d\u2019un \u00abmouvement d\u2019humeur qui s\u2019apaisera\u00bb.<\/span><\/p>\n<p class=\"p1 c3\"><span class=\"c2\">Le pr\u00e9sident du MoDem, Fran\u00e7ois Bayrou, s\u2019est lui rendu dans la matin\u00e9e dans un commissariat de sa ville de Pau pour d\u00e9noncer \u00abla mise en accusation des forces de s\u00e9curit\u00e9\u00bb.<\/span><\/p>\n<p class=\"p1 c3\"><span class=\"c2\">Mais, dans l\u2019opposition de droite comme de gauche, les appels \u00e0 la d\u00e9mission de Christophe Castaner ont afflu\u00e9. \u00abUn ministre faible qui doit d\u00e9missionner (Alexis Corbi\u00e8re, LFI); \u00abrupture totale\u00bb entre le ministre et la police (Eric Ciotti, LR).<\/span><\/p>\n<p class=\"p1 c3\"><span class=\"c2\">Marine le Pen (RN) a fustig\u00e9, quant \u00e0 elle, \u00abl\u2019abandon r\u00e9current\u00bb des policiers et la mise en place \u00abd\u2019une pr\u00e9somption de culpabilit\u00e9\u00bb pour la police.<\/span><\/p>\n<p class=\"p1 c3\"><span class=\"c2\">Dans l\u2019entourage du ministre, on a fait remarquer que les syndicats n\u2019appelaient \u00e0 aucun moment \u00e0 sa d\u00e9mission.<\/span><\/p>\n<p>Auteur: letemps1<br \/>\n<a href=\"http:\/\/www.letemps.com.tn\/article\/114785\/la-col%C3%A8re-des-policiers-ne-faiblit-pas-en-france\">Cliquez ici pour lire l&rsquo;article depuis sa source.<\/a><\/p>\n","protected":false},"excerpt":{"rendered":"<p>Descente des Champs Elys\u00e9es, menottes jet\u00e9es \u00e0 terre&#8230; : la col\u00e8re des policiers ne faiblissait pas hier contre Christophe Castaner, au point que d\u00e9sormais leurs syndicats demandent \u00e0 \u00eatre re\u00e7us par le chef de l\u2019Etat. Des policiers en col\u00e8re, d\u2019autres pr\u00e9sidents ou ministres de l\u2019Int\u00e9rieur ont d\u00fb en affronter par le pass\u00e9. Mais ce nouvel [&hellip;]<\/p>\n","protected":false},"author":1773,"featured_media":0,"comment_status":"closed","ping_status":"closed","sticky":false,"template":"","format":"standard","meta":{"fifu_image_url":"","fifu_image_alt":"","footnotes":""},"categories":[73,55],"tags":[],"class_list":["post-88850","post","type-post","status-publish","format-standard","hentry","category-actualite","category-tunisie"],"_links":{"self":[{"href":"https:\/\/linitiative.ca\/International\/wp-json\/wp\/v2\/posts\/88850","targetHints":{"allow":["GET"]}}],"collection":[{"href":"https:\/\/linitiative.ca\/International\/wp-json\/wp\/v2\/posts"}],"about":[{"href":"https:\/\/linitiative.ca\/International\/wp-json\/wp\/v2\/types\/post"}],"author":[{"embeddable":true,"href":"https:\/\/linitiative.ca\/International\/wp-json\/wp\/v2\/users\/1773"}],"replies":[{"embeddable":true,"href":"https:\/\/linitiative.ca\/International\/wp-json\/wp\/v2\/comments?post=88850"}],"version-history":[{"count":0,"href":"https:\/\/linitiative.ca\/International\/wp-json\/wp\/v2\/posts\/88850\/revisions"}],"wp:attachment":[{"href":"https:\/\/linitiative.ca\/International\/wp-json\/wp\/v2\/media?parent=88850"}],"wp:term":[{"taxonomy":"category","embeddable":true,"href":"https:\/\/linitiative.ca\/International\/wp-json\/wp\/v2\/categories?post=88850"},{"taxonomy":"post_tag","embeddable":true,"href":"https:\/\/linitiative.ca\/International\/wp-json\/wp\/v2\/tags?post=88850"}],"curies":[{"name":"wp","href":"https:\/\/api.w.org\/{rel}","templated":true}]}}