{"id":88851,"date":"2020-06-13T10:30:00","date_gmt":"2020-06-13T14:30:00","guid":{"rendered":"https:\/\/linitiative.ca\/International\/washington-va-reduire-ses-troupes-en-irak-dans-les-prochains-mois\/"},"modified":"2020-06-13T10:30:00","modified_gmt":"2020-06-13T14:30:00","slug":"washington-va-reduire-ses-troupes-en-irak-dans-les-prochains-mois","status":"publish","type":"post","link":"https:\/\/linitiative.ca\/International\/washington-va-reduire-ses-troupes-en-irak-dans-les-prochains-mois\/","title":{"rendered":"Washington va r\u00e9duire ses troupes en Irak dans les prochains mois"},"content":{"rendered":"<p class=\"p1 c3\"><span class=\"c2\">Les \u00c9tats-Unis ont annonc\u00e9 qu\u2019ils allaient \u00ab\u00a0r\u00e9duire\u00a0\u00bb leur pr\u00e9sence militaire en Irak. La veille, les deux pays avaient entam\u00e9 un \u00ab\u00a0dialogue strat\u00e9gique\u00a0\u00bb. Une fa\u00e7on pour les Am\u00e9ricains de reprendre langue avec un gouvernement irakien d\u00e9sormais dirig\u00e9 par un Premier ministre plus favorable \u00e0 Washington, au terme de mois de tensions.<\/span><\/p>\n<p class=\"p1 c3\"><span class=\"c2\">Ce devait \u00eatre une r\u00e9union de deux jours \u00e0 Bagdad mais la crise sanitaire en a d\u00e9cid\u00e9 autrement. Les premiers pourparlers entre les \u00c9tats-Unis et l\u2019Irak depuis une d\u00e9cennie, se sont d\u00e9roul\u00e9s en deux heures par vid\u00e9oconf\u00e9rence. Personne ne s\u2019attendait \u00e0 des r\u00e9sultats concrets \u00e0 la suite de cette premi\u00e8re journ\u00e9e.<\/span><\/p>\n<p class=\"p1 c3\"><span class=\"c2\">Mais le ton y a \u00e9t\u00e9 donn\u00e9 : \u00e9voquant les \u00ab\u00a0progr\u00e8s significatifs\u00a0\u00bb contre le groupe terroriste \u00c9tat islamique (EI), raison de la pr\u00e9sence am\u00e9ricaine \u00e0 la t\u00eate d\u2019une coalition internationale, Am\u00e9ricains et Irakiens ont affirm\u00e9 dans une d\u00e9claration conjointe que \u00ab\u00a0les \u00c9tats-Unis continueraient \u00e0 r\u00e9duire leurs forces en Irak\u00a0\u00bb.<\/span><\/p>\n<p class=\"p2 c4\"><span class=\"c2\"><strong>Questions en suspens<\/strong><\/span><\/p>\n<p class=\"p1 c3\"><span class=\"c2\">Aucun calendrier n\u2019a \u00e9t\u00e9 communiqu\u00e9. Aucun chiffre, non plus, concernant les coupes attendues parmi les 5 200 militaires am\u00e9ricains pr\u00e9sents en Irak. \u00c0 Bagdad, certains y voient le d\u00e9but d\u2019un retrait progressif, d\u2019autres un simple effet d\u2019annonce, car le groupe \u00c9tat islamique reprend de la vigueur dans le pays, et les troupes de la coalition restent indispensables pour contenir la menace.<\/span><\/p>\n<p class=\"p1 c3\"><span class=\"c2\">La question aujourd\u2019hui est donc de savoir quand et combien de militaires am\u00e9ricains partiront, et surtout, quel statut auront les troupes restantes, m\u00eame si les \u00c9tats-Unis ont d\u00e9j\u00e0 soulign\u00e9 qu\u2019ils ne recherchaient pas une \u00ab\u00a0pr\u00e9sence permanente\u00a0\u00bb. Une position en ligne avec la volont\u00e9 de d\u00e9sengagement du pr\u00e9sident Donald Trump, qui a promis de \u00ab\u00a0mettre fin aux guerres sans fin\u00a0\u00bb.<\/span><\/p>\n<p class=\"p2 c4\"><span class=\"c2\"><strong>Mise \u00e0 jour du dialogue de 2008<\/strong><\/span><\/p>\n<p class=\"p1 c3\"><span class=\"c2\">Cette d\u00e9claration a \u00e9t\u00e9 faite \u00e0 l\u2019issue d\u2019un\u00a0\u00ab\u00a0dialogue strat\u00e9gique\u00a0\u00bb\u00a0par visioconf\u00e9rence en raison du Covid-19. Son objectif : ramener un peu de stabilit\u00e9 dans les relations houleuses entre les deux alli\u00e9s. Une mise \u00e0 jour du \u00ab\u00a0dialogue\u00a0\u00bb de 2008, quand les \u00c9tats-Unis avaient \u00e9tabli les conditions de leur d\u00e9part apr\u00e8s avoir envahi l\u2019Irak. Depuis, leurs troupes sont revenues, bien moins nombreuses, contre l\u2019EI.<\/span><\/p>\n<p class=\"p1 c3\"><span class=\"c2\">Plus de deux ans et demi apr\u00e8s la \u00ab\u00a0victoire\u00a0\u00bb sur les terroristes c\u00f4t\u00e9 irakien, les milliers de soldats am\u00e9ricains dans le pays &#8212; 5 200 en d\u00e9but d\u2019ann\u00e9e &#8212; \u00e9taient \u00e0 nouveau au c\u0153ur des tensions.<\/span><\/p>\n<p class=\"p2 c4\"><span class=\"c2\"><strong>Sentiment anti-am\u00e9ricain<\/strong><\/span><\/p>\n<p class=\"p1 c3\"><span class=\"c2\">Le sentiment anti-am\u00e9ricain a en effet\u00a0flamb\u00e9\u00a0avec la\u00a0mort en janvier du g\u00e9n\u00e9ral iranien QassemSoleimani\u00a0et de son lieutenant irakien, tu\u00e9s \u00e0 Bagdad dans un raid ordonn\u00e9 par le pr\u00e9sident Donald Trump. Une d\u00e9cision prise en r\u00e9action \u00e0 la multiplication de tirs de roquettes contre des int\u00e9r\u00eats am\u00e9ricains, attribu\u00e9s par Washington aux forces pro-Iran. Dans la foul\u00e9e, les d\u00e9put\u00e9s chiites ont vot\u00e9 l\u2019expulsion des soldats \u00e9trangers.<\/span><\/p>\n<p>Auteur: letemps1<br \/>\n<a href=\"http:\/\/www.letemps.com.tn\/article\/114786\/washington-va-r%C3%A9duire-ses-troupes-en-irak-dans-les-prochains-mois\">Cliquez ici pour lire l&rsquo;article depuis sa source.<\/a><\/p>\n","protected":false},"excerpt":{"rendered":"<p>Les \u00c9tats-Unis ont annonc\u00e9 qu\u2019ils allaient \u00ab\u00a0r\u00e9duire\u00a0\u00bb leur pr\u00e9sence militaire en Irak. La veille, les deux pays avaient entam\u00e9 un \u00ab\u00a0dialogue strat\u00e9gique\u00a0\u00bb. Une fa\u00e7on pour les Am\u00e9ricains de reprendre langue avec un gouvernement irakien d\u00e9sormais dirig\u00e9 par un Premier ministre plus favorable \u00e0 Washington, au terme de mois de tensions. Ce devait \u00eatre une r\u00e9union [&hellip;]<\/p>\n","protected":false},"author":1773,"featured_media":0,"comment_status":"closed","ping_status":"closed","sticky":false,"template":"","format":"standard","meta":{"fifu_image_url":"","fifu_image_alt":"","footnotes":""},"categories":[73,55],"tags":[],"class_list":["post-88851","post","type-post","status-publish","format-standard","hentry","category-actualite","category-tunisie"],"_links":{"self":[{"href":"https:\/\/linitiative.ca\/International\/wp-json\/wp\/v2\/posts\/88851","targetHints":{"allow":["GET"]}}],"collection":[{"href":"https:\/\/linitiative.ca\/International\/wp-json\/wp\/v2\/posts"}],"about":[{"href":"https:\/\/linitiative.ca\/International\/wp-json\/wp\/v2\/types\/post"}],"author":[{"embeddable":true,"href":"https:\/\/linitiative.ca\/International\/wp-json\/wp\/v2\/users\/1773"}],"replies":[{"embeddable":true,"href":"https:\/\/linitiative.ca\/International\/wp-json\/wp\/v2\/comments?post=88851"}],"version-history":[{"count":0,"href":"https:\/\/linitiative.ca\/International\/wp-json\/wp\/v2\/posts\/88851\/revisions"}],"wp:attachment":[{"href":"https:\/\/linitiative.ca\/International\/wp-json\/wp\/v2\/media?parent=88851"}],"wp:term":[{"taxonomy":"category","embeddable":true,"href":"https:\/\/linitiative.ca\/International\/wp-json\/wp\/v2\/categories?post=88851"},{"taxonomy":"post_tag","embeddable":true,"href":"https:\/\/linitiative.ca\/International\/wp-json\/wp\/v2\/tags?post=88851"}],"curies":[{"name":"wp","href":"https:\/\/api.w.org\/{rel}","templated":true}]}}