{"id":88852,"date":"2020-06-13T15:13:19","date_gmt":"2020-06-13T19:13:19","guid":{"rendered":"https:\/\/linitiative.ca\/International\/pros-paris-fc-said-arab-tres-heureux-de-signer-mon-premier-contrat-professionnel\/"},"modified":"2020-06-13T15:13:19","modified_gmt":"2020-06-13T19:13:19","slug":"pros-paris-fc-said-arab-tres-heureux-de-signer-mon-premier-contrat-professionnel","status":"publish","type":"post","link":"https:\/\/linitiative.ca\/International\/pros-paris-fc-said-arab-tres-heureux-de-signer-mon-premier-contrat-professionnel\/","title":{"rendered":"Pros : Paris FC &#8211; Sa\u00efd Arab : \u00ab\u00a0Tr\u00e8s heureux de signer mon premier contrat professionnel\u00a0\u00bb"},"content":{"rendered":"<div readability=\"32\">\n<p>Auteur : <span class=\"time\">samedi 13 juin 2020 13:54<\/span><\/p>\n<\/div>\n<div id=\"post_core\" readability=\"48\">\n<p>Sa\u00efd Arab a en effet sign\u00e9 un premier contrat professionnel de trois saisons en faveur du club parisien pensionnaire de Ligue 2 fran\u00e7aise.\u00a0Il quitte donc le Red Star o\u00f9 il s&rsquo;est r\u00e9v\u00e9l\u00e9 ces deux derni\u00e8res ann\u00e9es. Un choix m\u00fbrement r\u00e9fl\u00e9chi par l&rsquo;int\u00e9ress\u00e9 qui ne manquait pas de sollicitations.<\/p>\n<p>\u00ab\u00a0Je suis tr\u00e8s heureux de signer mon premier contrat professionnel au Paris FC. Cela vient r\u00e9compenser tout le travail et l\u2019investissement de ces derni\u00e8res ann\u00e9es.\u00a0\u00bb<\/p>\n<p>\u00ab\u00a0C\u2019est vrai qu\u2019il y a eu pas mal de sollicitations ces derniers temps, mais le projet du Paris FC m\u2019a sembl\u00e9 \u00eatre le plus coh\u00e9rent pour la suite de ma carri\u00e8re.\u00a0Le coach (Ren\u00e9 Girard) a pris le temps de m\u2019appeler, de m\u2019expliquer le projet. On a longuement \u00e9chang\u00e9, \u00e7a m&rsquo;a d\u00e9finitivement convaincu de rejoindre ce club.\u00a0\u00bb Des propos rapport\u00e9s par Goal.<\/p>\n<p><strong>Publi\u00e9 dans :<\/strong> <span>Sa\u00efd Arab<\/span><\/p>\n<\/div>\n<p>Auteur:<br \/>\n<a href=\"http:\/\/www.lebuteur.com\/article\/detail?titre=paris-fc-said-arab-tres-heureux-de-signer-mon-premier-contrat-professionnel&#038;id=96231&#038;utm_source=feedburner&#038;utm_medium=feed&#038;utm_campaign=Feed%3A+GalerieFArtciles+%28Les+derniers+articles++-+lebuteur.com%29\">Cliquez ici pour lire l&rsquo;article depuis sa source.<\/a><\/p>\n","protected":false},"excerpt":{"rendered":"<p>Auteur : samedi 13 juin 2020 13:54 Sa\u00efd Arab a en effet sign\u00e9 un premier contrat professionnel de trois saisons en faveur du club parisien pensionnaire de Ligue 2 fran\u00e7aise.\u00a0Il quitte donc le Red Star o\u00f9 il s&rsquo;est r\u00e9v\u00e9l\u00e9 ces deux derni\u00e8res ann\u00e9es. Un choix m\u00fbrement r\u00e9fl\u00e9chi par l&rsquo;int\u00e9ress\u00e9 qui ne manquait pas de sollicitations. [&hellip;]<\/p>\n","protected":false},"author":1738,"featured_media":88853,"comment_status":"closed","ping_status":"closed","sticky":false,"template":"","format":"standard","meta":{"fifu_image_url":"","fifu_image_alt":"","footnotes":""},"categories":[53,75],"tags":[],"class_list":["post-88852","post","type-post","status-publish","format-standard","has-post-thumbnail","hentry","category-algerie","category-sport"],"_links":{"self":[{"href":"https:\/\/linitiative.ca\/International\/wp-json\/wp\/v2\/posts\/88852","targetHints":{"allow":["GET"]}}],"collection":[{"href":"https:\/\/linitiative.ca\/International\/wp-json\/wp\/v2\/posts"}],"about":[{"href":"https:\/\/linitiative.ca\/International\/wp-json\/wp\/v2\/types\/post"}],"author":[{"embeddable":true,"href":"https:\/\/linitiative.ca\/International\/wp-json\/wp\/v2\/users\/1738"}],"replies":[{"embeddable":true,"href":"https:\/\/linitiative.ca\/International\/wp-json\/wp\/v2\/comments?post=88852"}],"version-history":[{"count":0,"href":"https:\/\/linitiative.ca\/International\/wp-json\/wp\/v2\/posts\/88852\/revisions"}],"wp:featuredmedia":[{"embeddable":true,"href":"https:\/\/linitiative.ca\/International\/wp-json\/"}],"wp:attachment":[{"href":"https:\/\/linitiative.ca\/International\/wp-json\/wp\/v2\/media?parent=88852"}],"wp:term":[{"taxonomy":"category","embeddable":true,"href":"https:\/\/linitiative.ca\/International\/wp-json\/wp\/v2\/categories?post=88852"},{"taxonomy":"post_tag","embeddable":true,"href":"https:\/\/linitiative.ca\/International\/wp-json\/wp\/v2\/tags?post=88852"}],"curies":[{"name":"wp","href":"https:\/\/api.w.org\/{rel}","templated":true}]}}