{"id":88868,"date":"2020-06-13T12:04:00","date_gmt":"2020-06-13T16:04:00","guid":{"rendered":"https:\/\/linitiative.ca\/International\/daira-doran-une-employee-atteinte-du-coronavirus-les-guichets-fermes-pour-desinfection\/"},"modified":"2020-06-13T12:04:00","modified_gmt":"2020-06-13T16:04:00","slug":"daira-doran-une-employee-atteinte-du-coronavirus-les-guichets-fermes-pour-desinfection","status":"publish","type":"post","link":"https:\/\/linitiative.ca\/International\/daira-doran-une-employee-atteinte-du-coronavirus-les-guichets-fermes-pour-desinfection\/","title":{"rendered":"DA\u00cfRA D\u2019ORAN : Une employ\u00e9e atteinte du Coronavirus, les guichets ferm\u00e9s pour d\u00e9sinfection"},"content":{"rendered":"<p><br id=\"sep_para_1\" class=\"sep_para access\"\/><\/p>\n<div id=\"para_1\" class=\"para_37425697 resize\">\n<div class=\"photo shadow left\"><a href=\"javascript:void(0)\" rel=\"https:\/\/www.reflexiondz.net\/photo\/art\/grande\/47185913-37425697.jpg?v=1592066348&amp;ibox\" title=\"DA\u00cfRA D\u2019ORAN : Une employ\u00e9e atteinte du Coronavirus, les guichets ferm\u00e9s pour d\u00e9sinfection\"><img decoding=\"async\" class=\"responsive c9\" src=\"https:\/\/www.reflexiondz.net\/photo\/art\/grande\/47185913-37425697.jpg?v=1592066348\" alt=\"DA\u00cfRA D\u2019ORAN : Une employ\u00e9e atteinte du Coronavirus, les guichets ferm\u00e9s pour d\u00e9sinfection\" title=\"DA\u00cfRA D\u2019ORAN : Une employ\u00e9e atteinte du Coronavirus, les guichets ferm\u00e9s pour d\u00e9sinfection\"\/><img decoding=\"async\" class=\"not-responsive\" src=\"https:\/\/www.reflexiondz.net\/photo\/art\/default\/47185913-37425697.jpg?v=1592066349\" alt=\"DA\u00cfRA D\u2019ORAN : Une employ\u00e9e atteinte du Coronavirus, les guichets ferm\u00e9s pour d\u00e9sinfection\" title=\"DA\u00cfRA D\u2019ORAN : Une employ\u00e9e atteinte du Coronavirus, les guichets ferm\u00e9s pour d\u00e9sinfection\"\/><\/a><\/div>\n<div class=\"texte access firstletter\">Le si\u00e8ge de la da\u00efra d&rsquo;Oran fait l\u2019objet d\u2019une fermeture, depuis\u00a0 l&rsquo;information alarmante qui a circul\u00e9 \u00e0 Oran faisant \u00e9tat d\u2019une contamination massive au coronavirus du personnel de la da\u00efra. La fermeture de cette structure de l&rsquo;\u00c9tat qui accueille au quotidien des centaines de citoyens venant s&rsquo;enqu\u00e9rir de leurs dossiers de logement ainsi que d&rsquo;autres dossiers administratifs, a \u00e9t\u00e9 d\u00e9cid\u00e9e suite \u00e0 l&rsquo;intervention du chef\u00a0 de la da\u00efra d&rsquo;Oran\u00a0 M.Rahmouni qui a d\u00e9clar\u00e9 \u00e0 la presse que les diff\u00e9rents services de la da\u00efra d\u2019Oran sont ouverts, mis \u00e0 part les guichets, ferm\u00e9s par mesure de pr\u00e9vention, apr\u00e8s une op\u00e9ration de d\u00e9sinfection. \u00ab Une seule employ\u00e9e de la da\u00efra a \u00e9t\u00e9 confirm\u00e9e atteinte du covid 19 et cela fait une semaine qu\u2019elle est absente\u00bb, a pr\u00e9cis\u00e9 le chef de la da\u00efra et d&rsquo;ajouter, \u00a0\u00bb il est tout \u00e0 fait normal que les autres employ\u00e9s de la da\u00efra soient soumis au test du coronavirus pour qu\u2019on puisse s\u2019assurer qu\u2019ils n\u2019ont pas \u00e9t\u00e9 contamin\u00e9s\u00a0\u00bb. \u00ab\u00a0Le r\u00e9sultat des tests n\u2019a pas encore \u00e9t\u00e9 donn\u00e9 \u00ab\u00a0, selon ses d\u00e9clarations. A propos de la fermeture des guichets, le chef de la da\u00efra d\u2019Oran, a affirm\u00e9, \u00ab\u00a0qu\u2019ils seront ouverts dimanche aux citoyens apr\u00e8s une op\u00e9ration de d\u00e9sinfection\u00a0\u00bb. Il est \u00e0 pr\u00e9ciser que les mesures de pr\u00e9vention sanitaire tel que le port du masque et la distanciation sociale, sont appliqu\u00e9s \u00e0 la da\u00efra d\u2019Oran qui compte une soixantaine d\u2019employ\u00e9s dont 15 guichetiers.\u00a0\u00a0\u00a0\u00a0\u00a0\u00a0\u00a0\u00a0\u00a0\u00a0\u00a0\u00a0\u00a0\u00a0\u00a0\u00a0\u00a0\u00a0\u00a0\u00a0\u00a0\u00a0\u00a0\u00a0\u00a0\u00a0\u00a0\u00a0<\/div>\n<\/div>\n<p>Auteur: Medjadji H.<br \/>\n<a href=\"https:\/\/www.reflexiondz.net\/DAIRA-D-ORAN-Une-employee-atteinte-du-Coronavirus-les-guichets-fermes-pour-desinfection_a63329.html\">Cliquez ici pour lire l&rsquo;article depuis sa source.<\/a><\/p>\n","protected":false},"excerpt":{"rendered":"<p>Le si\u00e8ge de la da\u00efra d&rsquo;Oran fait l\u2019objet d\u2019une fermeture, depuis\u00a0 l&rsquo;information alarmante qui a circul\u00e9 \u00e0 Oran faisant \u00e9tat d\u2019une contamination massive au coronavirus du personnel de la da\u00efra. La fermeture de cette structure de l&rsquo;\u00c9tat qui accueille au quotidien des centaines de citoyens venant s&rsquo;enqu\u00e9rir de leurs dossiers de logement ainsi que d&rsquo;autres [&hellip;]<\/p>\n","protected":false},"author":1740,"featured_media":0,"comment_status":"closed","ping_status":"closed","sticky":false,"template":"","format":"standard","meta":{"fifu_image_url":"","fifu_image_alt":"","footnotes":""},"categories":[53,76],"tags":[],"class_list":["post-88868","post","type-post","status-publish","format-standard","hentry","category-algerie","category-regions"],"_links":{"self":[{"href":"https:\/\/linitiative.ca\/International\/wp-json\/wp\/v2\/posts\/88868","targetHints":{"allow":["GET"]}}],"collection":[{"href":"https:\/\/linitiative.ca\/International\/wp-json\/wp\/v2\/posts"}],"about":[{"href":"https:\/\/linitiative.ca\/International\/wp-json\/wp\/v2\/types\/post"}],"author":[{"embeddable":true,"href":"https:\/\/linitiative.ca\/International\/wp-json\/wp\/v2\/users\/1740"}],"replies":[{"embeddable":true,"href":"https:\/\/linitiative.ca\/International\/wp-json\/wp\/v2\/comments?post=88868"}],"version-history":[{"count":0,"href":"https:\/\/linitiative.ca\/International\/wp-json\/wp\/v2\/posts\/88868\/revisions"}],"wp:attachment":[{"href":"https:\/\/linitiative.ca\/International\/wp-json\/wp\/v2\/media?parent=88868"}],"wp:term":[{"taxonomy":"category","embeddable":true,"href":"https:\/\/linitiative.ca\/International\/wp-json\/wp\/v2\/categories?post=88868"},{"taxonomy":"post_tag","embeddable":true,"href":"https:\/\/linitiative.ca\/International\/wp-json\/wp\/v2\/tags?post=88868"}],"curies":[{"name":"wp","href":"https:\/\/api.w.org\/{rel}","templated":true}]}}