{"id":88869,"date":"2020-06-13T12:04:00","date_gmt":"2020-06-13T16:04:00","guid":{"rendered":"https:\/\/linitiative.ca\/International\/oran-le-directeur-des-ressources-en-eau-releve-de-ses-fonctions\/"},"modified":"2020-06-13T12:04:00","modified_gmt":"2020-06-13T16:04:00","slug":"oran-le-directeur-des-ressources-en-eau-releve-de-ses-fonctions","status":"publish","type":"post","link":"https:\/\/linitiative.ca\/International\/oran-le-directeur-des-ressources-en-eau-releve-de-ses-fonctions\/","title":{"rendered":"ORAN : Le directeur des ressources en eau relev\u00e9 de ses fonctions"},"content":{"rendered":"<p><br id=\"sep_para_1\" class=\"sep_para access\"\/><\/p>\n<div id=\"para_1\" class=\"para_37425692 resize\">\n<div class=\"texte access firstletter\">Il \u00e9tait consid\u00e9r\u00e9 comme un cadre\u00a0 tr\u00e8s exemplaire de surcroit, comp\u00e9tent attentif\u00a0 et mieux exp\u00e9riment\u00e9 dans le domaine de l&rsquo;hydraulique du fait qu&rsquo;il ma\u00eetrisait bien la direction de l&rsquo;hydraulique de la wilaya d&rsquo;Oran depuis 15 longues ann\u00e9es et il n&rsquo;a rien \u00e0 voir avec la s\u00e9lection des grands projets qui ont fait de grands scandales\u00a0 \u00e0 l&rsquo; image de ceux de\u00a0 la station d&rsquo;\u00e9puration des eaux us\u00e9es d&rsquo;El Kerma, qui cette derni\u00e8re\u00a0 16 ann\u00e9es apr\u00e8s la mise en service de la station , le taux d\u2019exploitation n\u2019a pas d\u00e9pass\u00e9 le seuil des 30%. Or, cette station traite quotidiennement une quantit\u00e9 de 250000 m3. Autrement dit, un tel projet, ayant \u00e9t\u00e9 r\u00e9alis\u00e9 avec la facture colossale de 7 milliards de dinars, n\u2019est toujours pas rentable, alors qu\u2019au d\u00e9part les promoteurs d\u2019un tel dessein ont mis\u00e9 gros sur une telle finalit\u00e9, produire l\u2019eau d\u2019irrigation. Dans un pass\u00e9 tout r\u00e9cent, le minist\u00e8re des Ressources en eau a voulu tenter une premi\u00e8re dans les annales de l\u2019agriculture alg\u00e9rienne en se lan\u00e7ant dans un projet d\u2019utilit\u00e9 publique rentrant dans le cadre de la \u00abmise \u00e0 l\u2019eau\u00bb de la station d\u2019\u00e9puration des eaux us\u00e9es d\u2019El-Kerma, r\u00e9alis\u00e9 en 2014, dans le cadre de l\u2019irrigation du p\u00e9rim\u00e8tre de la plaine de Mlata, grande prairie agricole situ\u00e9e dans le sud de la wilaya d\u2019Oran. Par contre ,celui du projet de la station Mega du dessalement d&rsquo;eau de mer d&rsquo;El Macta , qui\u00a0 devrait fournir 250.000 m\u00e8tres cubes par jour ,ne fournissait que 80.000\u00a0 m\u00e8tres cube jour \u00e0 cause de ces pannes fr\u00e9quentes\u00a0 du fait que\u00a0 cette\u00a0 station, pr\u00e9sent\u00e9e fi\u00e8rement par l\u2019ancien chef du gouvernement pour ne pas citer de nom , comme\u00a0 \u00e9tant un fleuron de l\u2019industrie de dessalement d\u2019eau de mer (syst\u00e8me dit osmose inverse), lors de son inauguration en 2016, tombe en ruine,\u00a0 a \u00e9t\u00e9 un fiasco pour la wilaya d&rsquo;Oran pour un montage financier de 500 millions de dollars ,une telle enveloppe financi\u00e8re n&rsquo;est pas du ressort de la direction de l&rsquo;hydraulique de la wilaya d&rsquo;Oran mais de la part des ex hauts responsables du\u00a0 minist\u00e8re de l&rsquo;hydraulique qui ont s\u00e9lectionn\u00e9 ces deux\u00a0 entreprises \u00e9trang\u00e8res\u00a0 avec notamment la station d&rsquo; \u00e9puration des eaux us\u00e9es d&rsquo;,El Kerma pour une enveloppe financi\u00e8re en cons\u00e9quence et en devise n&rsquo;ont jamais fonctionn\u00e9 \u00e0 100%,\u00a0 mais seulement \u00e0 20% sont toujours en panne. Depuis leur r\u00e9ception ces deux grands projets d&rsquo;envergure qui devraient en principe fonctionner \u00e0 merveille pour en finir avec les perturbations fr\u00e9quentes des coupures de l&rsquo;alimentation en eau potable pour Oran Arzew et Mostaganem\u00a0 soit ,250.000 m\u00e8tres cubes\/jour malheureusement ces deux grands projets pour n&rsquo;en citer d&rsquo;autres\u00a0 ont toujours soulev\u00e9 moult r\u00e9actions de protestation et d&rsquo;ouverture d&rsquo;enqu\u00eate qui sont rest\u00e9s vains sans aucune suite pour ne pas s&rsquo;\u00e9taler longuement sur le sujet.<\/div>\n<\/div>\n<p>Auteur: Medjadji H.<br \/>\n<a href=\"https:\/\/www.reflexiondz.net\/ORAN-Le-directeur-des-ressources-en-eau-releve-de-ses-fonctions_a63327.html\">Cliquez ici pour lire l&rsquo;article depuis sa source.<\/a><\/p>\n","protected":false},"excerpt":{"rendered":"<p>Il \u00e9tait consid\u00e9r\u00e9 comme un cadre\u00a0 tr\u00e8s exemplaire de surcroit, comp\u00e9tent attentif\u00a0 et mieux exp\u00e9riment\u00e9 dans le domaine de l&rsquo;hydraulique du fait qu&rsquo;il ma\u00eetrisait bien la direction de l&rsquo;hydraulique de la wilaya d&rsquo;Oran depuis 15 longues ann\u00e9es et il n&rsquo;a rien \u00e0 voir avec la s\u00e9lection des grands projets qui ont fait de grands scandales\u00a0 [&hellip;]<\/p>\n","protected":false},"author":1740,"featured_media":0,"comment_status":"closed","ping_status":"closed","sticky":false,"template":"","format":"standard","meta":{"fifu_image_url":"","fifu_image_alt":"","footnotes":""},"categories":[53,76],"tags":[],"class_list":["post-88869","post","type-post","status-publish","format-standard","hentry","category-algerie","category-regions"],"_links":{"self":[{"href":"https:\/\/linitiative.ca\/International\/wp-json\/wp\/v2\/posts\/88869","targetHints":{"allow":["GET"]}}],"collection":[{"href":"https:\/\/linitiative.ca\/International\/wp-json\/wp\/v2\/posts"}],"about":[{"href":"https:\/\/linitiative.ca\/International\/wp-json\/wp\/v2\/types\/post"}],"author":[{"embeddable":true,"href":"https:\/\/linitiative.ca\/International\/wp-json\/wp\/v2\/users\/1740"}],"replies":[{"embeddable":true,"href":"https:\/\/linitiative.ca\/International\/wp-json\/wp\/v2\/comments?post=88869"}],"version-history":[{"count":0,"href":"https:\/\/linitiative.ca\/International\/wp-json\/wp\/v2\/posts\/88869\/revisions"}],"wp:attachment":[{"href":"https:\/\/linitiative.ca\/International\/wp-json\/wp\/v2\/media?parent=88869"}],"wp:term":[{"taxonomy":"category","embeddable":true,"href":"https:\/\/linitiative.ca\/International\/wp-json\/wp\/v2\/categories?post=88869"},{"taxonomy":"post_tag","embeddable":true,"href":"https:\/\/linitiative.ca\/International\/wp-json\/wp\/v2\/tags?post=88869"}],"curies":[{"name":"wp","href":"https:\/\/api.w.org\/{rel}","templated":true}]}}