{"id":88878,"date":"2020-06-13T06:00:00","date_gmt":"2020-06-13T10:00:00","guid":{"rendered":"https:\/\/linitiative.ca\/International\/les-vendeurs-informels-defient-rezig\/"},"modified":"2020-06-13T06:00:00","modified_gmt":"2020-06-13T10:00:00","slug":"les-vendeurs-informels-defient-rezig","status":"publish","type":"post","link":"https:\/\/linitiative.ca\/International\/les-vendeurs-informels-defient-rezig\/","title":{"rendered":"Les vendeurs informels d\u00e9fient Rezig"},"content":{"rendered":"<p>Les camionnettes des vendeurs informels de fruits et l\u00e9gumes continuent \u00e0 squatter la voie publique \u00e0 travers plusieurs communes de la capitale. Depuis le d\u00e9but de la crise sanitaire, ces v\u00e9hicules accaparent de plus en plus la chauss\u00e9e et provoquent ainsi des embouteillages sur la route et des d\u00e9sagr\u00e9ments aux riverains, sans compter les tas de d\u00e9chets laiss\u00e9s derri\u00e8re eux en fin de journ\u00e9e. Le ministre du Commerce, qui avait promis de mettre de l\u2019ordre dans le secteur, a pourtant menac\u00e9, \u00e0 maintes reprises, les contrevenants de lourdes sanctions. Ses mises en garde restent toutefois sans suite.\u00a0\u00a0<\/p>\n<p>Auteur:<br \/>\n<a href=\"https:\/\/www.lesoirdalgerie.com\/periscoop\/les-vendeurs-informels-defient-rezig-43364\">Cliquez ici pour lire l&rsquo;article depuis sa source.<\/a><\/p>\n","protected":false},"excerpt":{"rendered":"<p>Les camionnettes des vendeurs informels de fruits et l\u00e9gumes continuent \u00e0 squatter la voie publique \u00e0 travers plusieurs communes de la capitale. Depuis le d\u00e9but de la crise sanitaire, ces v\u00e9hicules accaparent de plus en plus la chauss\u00e9e et provoquent ainsi des embouteillages sur la route et des d\u00e9sagr\u00e9ments aux riverains, sans compter les tas [&hellip;]<\/p>\n","protected":false},"author":1741,"featured_media":0,"comment_status":"closed","ping_status":"closed","sticky":false,"template":"","format":"standard","meta":{"fifu_image_url":"","fifu_image_alt":"","footnotes":""},"categories":[73,53],"tags":[],"class_list":["post-88878","post","type-post","status-publish","format-standard","hentry","category-actualite","category-algerie"],"_links":{"self":[{"href":"https:\/\/linitiative.ca\/International\/wp-json\/wp\/v2\/posts\/88878","targetHints":{"allow":["GET"]}}],"collection":[{"href":"https:\/\/linitiative.ca\/International\/wp-json\/wp\/v2\/posts"}],"about":[{"href":"https:\/\/linitiative.ca\/International\/wp-json\/wp\/v2\/types\/post"}],"author":[{"embeddable":true,"href":"https:\/\/linitiative.ca\/International\/wp-json\/wp\/v2\/users\/1741"}],"replies":[{"embeddable":true,"href":"https:\/\/linitiative.ca\/International\/wp-json\/wp\/v2\/comments?post=88878"}],"version-history":[{"count":0,"href":"https:\/\/linitiative.ca\/International\/wp-json\/wp\/v2\/posts\/88878\/revisions"}],"wp:attachment":[{"href":"https:\/\/linitiative.ca\/International\/wp-json\/wp\/v2\/media?parent=88878"}],"wp:term":[{"taxonomy":"category","embeddable":true,"href":"https:\/\/linitiative.ca\/International\/wp-json\/wp\/v2\/categories?post=88878"},{"taxonomy":"post_tag","embeddable":true,"href":"https:\/\/linitiative.ca\/International\/wp-json\/wp\/v2\/tags?post=88878"}],"curies":[{"name":"wp","href":"https:\/\/api.w.org\/{rel}","templated":true}]}}