{"id":88879,"date":"2020-06-13T06:00:00","date_gmt":"2020-06-13T10:00:00","guid":{"rendered":"https:\/\/linitiative.ca\/International\/degats-collateraux\/"},"modified":"2020-06-13T06:00:00","modified_gmt":"2020-06-13T10:00:00","slug":"degats-collateraux","status":"publish","type":"post","link":"https:\/\/linitiative.ca\/International\/degats-collateraux\/","title":{"rendered":"D\u00e9g\u00e2ts collat\u00e9raux !"},"content":{"rendered":"<p>L&rsquo;\u00e9pid\u00e9mie de Covid-19 a eu des cons\u00e9quences insoup\u00e7onn\u00e9es. Les \u00e9quipes m\u00e9dicales assistent \u00e0 l&rsquo;arriv\u00e9e de malades chroniques souvent dans un \u00e9tat grave. Et pour cause, ces derniers ont \u00e9vit\u00e9 depuis le d\u00e9but de l&rsquo;\u00e9pid\u00e9mie de se rendre au niveau des h\u00f4pitaux pour leur suivi r\u00e9gulier de peur d&rsquo;\u00eatre contamin\u00e9s. R\u00e9sultat : apr\u00e8s des mois sans suivi, les sympt\u00f4mes se sont souvent aggrav\u00e9s.<\/p>\n<p>Auteur:<br \/>\n<a href=\"https:\/\/www.lesoirdalgerie.com\/periscoop\/degats-collateraux-43363\">Cliquez ici pour lire l&rsquo;article depuis sa source.<\/a><\/p>\n","protected":false},"excerpt":{"rendered":"<p>L&rsquo;\u00e9pid\u00e9mie de Covid-19 a eu des cons\u00e9quences insoup\u00e7onn\u00e9es. Les \u00e9quipes m\u00e9dicales assistent \u00e0 l&rsquo;arriv\u00e9e de malades chroniques souvent dans un \u00e9tat grave. Et pour cause, ces derniers ont \u00e9vit\u00e9 depuis le d\u00e9but de l&rsquo;\u00e9pid\u00e9mie de se rendre au niveau des h\u00f4pitaux pour leur suivi r\u00e9gulier de peur d&rsquo;\u00eatre contamin\u00e9s. R\u00e9sultat : apr\u00e8s des mois sans [&hellip;]<\/p>\n","protected":false},"author":1741,"featured_media":0,"comment_status":"closed","ping_status":"closed","sticky":false,"template":"","format":"standard","meta":{"fifu_image_url":"","fifu_image_alt":"","footnotes":""},"categories":[73,53],"tags":[],"class_list":["post-88879","post","type-post","status-publish","format-standard","hentry","category-actualite","category-algerie"],"_links":{"self":[{"href":"https:\/\/linitiative.ca\/International\/wp-json\/wp\/v2\/posts\/88879","targetHints":{"allow":["GET"]}}],"collection":[{"href":"https:\/\/linitiative.ca\/International\/wp-json\/wp\/v2\/posts"}],"about":[{"href":"https:\/\/linitiative.ca\/International\/wp-json\/wp\/v2\/types\/post"}],"author":[{"embeddable":true,"href":"https:\/\/linitiative.ca\/International\/wp-json\/wp\/v2\/users\/1741"}],"replies":[{"embeddable":true,"href":"https:\/\/linitiative.ca\/International\/wp-json\/wp\/v2\/comments?post=88879"}],"version-history":[{"count":0,"href":"https:\/\/linitiative.ca\/International\/wp-json\/wp\/v2\/posts\/88879\/revisions"}],"wp:attachment":[{"href":"https:\/\/linitiative.ca\/International\/wp-json\/wp\/v2\/media?parent=88879"}],"wp:term":[{"taxonomy":"category","embeddable":true,"href":"https:\/\/linitiative.ca\/International\/wp-json\/wp\/v2\/categories?post=88879"},{"taxonomy":"post_tag","embeddable":true,"href":"https:\/\/linitiative.ca\/International\/wp-json\/wp\/v2\/tags?post=88879"}],"curies":[{"name":"wp","href":"https:\/\/api.w.org\/{rel}","templated":true}]}}