{"id":88892,"date":"2020-06-13T10:18:04","date_gmt":"2020-06-13T14:18:04","guid":{"rendered":"https:\/\/linitiative.ca\/International\/le-deconfinement-progressif-au-menu-des-quotidiens-marocains\/"},"modified":"2020-06-13T10:18:04","modified_gmt":"2020-06-13T14:18:04","slug":"le-deconfinement-progressif-au-menu-des-quotidiens-marocains","status":"publish","type":"post","link":"https:\/\/linitiative.ca\/International\/le-deconfinement-progressif-au-menu-des-quotidiens-marocains\/","title":{"rendered":"Le d\u00e9confinement progressif au menu des quotidiens marocains"},"content":{"rendered":"<div readability=\"32\">\n<p>Publi\u00e9 le 13.06.2020 \u00e0 15h18 par APA News<\/p>\n<\/div>\n<div readability=\"109\">\n<p>Le d\u00e9confinement progressif, la r\u00e9ouverture des fronti\u00e8res et la relance \u00e9conomique sont les principaux sujets trait\u00e9s par la presse marocaine.+La Vie Eco+ estime que l\u2019\u00e9volution de la situation \u00e9pid\u00e9miologique n\u2019est pas pr\u00e9visible, m\u00eame si durant plusieurs jours de suite une tendance baissi\u00e8re est observ\u00e9e.<\/p>\n<p>Il suffit d\u2019un l\u00e9ger rel\u00e2chement de quelques individus irresponsables pour que l\u2019on recommence \u00e0 voir des bilans inqui\u00e9tants de 80, 100, voire 150 cas par jour, explique la publication, notant qu\u2019un d\u00e9confinement trop rapide pourrait facilement produire une nouvelle vague qui pourrait d\u00e9boucher sur une situation chaotique.<\/p>\n<p>\u00abLa voie la plus prudente pour revenir de mani\u00e8re durable \u00e0 la vie normale et de permettre un red\u00e9marrage irr\u00e9versible de l\u2019\u00e9conomie est la progressivit\u00e9. C\u2019est une des lois fondamentales de la nature. Patience!\u00bb, conclut-il.<\/p>\n<p>Pour la +Nouvelle Tribune+, le Maroc a besoin de se r\u00e9ins\u00e9rer, aussit\u00f4t que possible, dans le vaste champ des \u00e9changes mondiaux, qu\u2019ils soient \u00e9conomiques, commerciaux, financiers, mais aussi humains. Faire l\u2019impasse, par exemple, sur la saison touristique, aliment\u00e9e par des pays traditionnellement \u00e9metteurs, serait fortement pr\u00e9judiciable m\u00eame s\u2019il est vrai que l\u2019on n\u2019atteindra pas le m\u00eame volume d\u2019arriv\u00e9es et de s\u00e9jours que celui enregistr\u00e9 en 2019, poursuit la publication.<\/p>\n<p>Voil\u00e0 pourquoi, parmi les mesures fortement attendues, celle de la r\u00e9ouverture des fronti\u00e8res se pr\u00e9sente comme l\u2019une parmi les plus urgentes, estime-t-il, soulignant que les pouvoirs publics devraient sans doute prendre le temps d\u2019une annonce qui ne prendrait pas effet imm\u00e9diatement.<\/p>\n<p>+Challenge+ \u00e9crit que le Maroc s\u2019en sort bien face au Coronavirus et ce, de mani\u00e8re unanimement reconnue, faisant savoir que le pays est pass\u00e9 d\u2019une capacit\u00e9 de 500 lits de r\u00e9animation, \u00e0 3000.<\/p>\n<p>Sur le plan \u00e9conomique, le soutien aux entreprises et aux familles a \u00e9t\u00e9 et est toujours massif, rappelle le journal, notant que l\u2019industrie a fourni des masques et respirateurs et que m\u00eame les m\u00e9decins militaires et ceux du priv\u00e9 ont \u00e9t\u00e9 mobilis\u00e9s pour combattre le Coronavirus.<\/p>\n<p>La premi\u00e8re manche est donc gagn\u00e9e, reste celle du d\u00e9confinement progressif et enfin la plus compliqu\u00e9e, celle de la relance \u00e9conomique pour \u00e9viter un marasme social, fait-il observer.<\/p>\n<p>+Le Matin+ rapporte que le montant global collect\u00e9 par le Fonds sp\u00e9cial pour la gestion de la pand\u00e9mie du nouveau coronavirus a atteint 33 milliards de dirhams (1 euro = 10,7 DH) \u00e0 fin mai, indique la Tr\u00e9sorerie g\u00e9n\u00e9rale du Royaume (TGR).<\/p>\n<p>Cr\u00e9\u00e9 suite aux hautes instructions du Roi Mohammed VI, le Fonds est destin\u00e9 \u00e0 prendre en charge les d\u00e9penses de mise \u00e0 niveau du dispositif m\u00e9dical, \u00e0 soutenir l\u2019\u00e9conomie nationale pour faire face aux chocs induits par cette pand\u00e9mie et pr\u00e9server les emplois et \u00e0 att\u00e9nuer les r\u00e9percussions sociales de la pand\u00e9mie.<\/p>\n<\/div>\n<p>Auteur: APA News<br \/>\n<a href=\"https:\/\/www.journalducameroun.com\/le-deconfinement-progressif-au-menu-des-quotidiens-marocains\/\">Cliquez ici pour lire l&rsquo;article depuis sa source.<\/a><\/p>\n","protected":false},"excerpt":{"rendered":"<p>Publi\u00e9 le 13.06.2020 \u00e0 15h18 par APA News Le d\u00e9confinement progressif, la r\u00e9ouverture des fronti\u00e8res et la relance \u00e9conomique sont les principaux sujets trait\u00e9s par la presse marocaine.+La Vie Eco+ estime que l\u2019\u00e9volution de la situation \u00e9pid\u00e9miologique n\u2019est pas pr\u00e9visible, m\u00eame si durant plusieurs jours de suite une tendance baissi\u00e8re est observ\u00e9e. Il suffit d\u2019un [&hellip;]<\/p>\n","protected":false},"author":1965,"featured_media":0,"comment_status":"closed","ping_status":"closed","sticky":false,"template":"","format":"standard","meta":{"fifu_image_url":"","fifu_image_alt":"","footnotes":""},"categories":[73,82],"tags":[],"class_list":["post-88892","post","type-post","status-publish","format-standard","hentry","category-actualite","category-cameroun"],"_links":{"self":[{"href":"https:\/\/linitiative.ca\/International\/wp-json\/wp\/v2\/posts\/88892","targetHints":{"allow":["GET"]}}],"collection":[{"href":"https:\/\/linitiative.ca\/International\/wp-json\/wp\/v2\/posts"}],"about":[{"href":"https:\/\/linitiative.ca\/International\/wp-json\/wp\/v2\/types\/post"}],"author":[{"embeddable":true,"href":"https:\/\/linitiative.ca\/International\/wp-json\/wp\/v2\/users\/1965"}],"replies":[{"embeddable":true,"href":"https:\/\/linitiative.ca\/International\/wp-json\/wp\/v2\/comments?post=88892"}],"version-history":[{"count":0,"href":"https:\/\/linitiative.ca\/International\/wp-json\/wp\/v2\/posts\/88892\/revisions"}],"wp:attachment":[{"href":"https:\/\/linitiative.ca\/International\/wp-json\/wp\/v2\/media?parent=88892"}],"wp:term":[{"taxonomy":"category","embeddable":true,"href":"https:\/\/linitiative.ca\/International\/wp-json\/wp\/v2\/categories?post=88892"},{"taxonomy":"post_tag","embeddable":true,"href":"https:\/\/linitiative.ca\/International\/wp-json\/wp\/v2\/tags?post=88892"}],"curies":[{"name":"wp","href":"https:\/\/api.w.org\/{rel}","templated":true}]}}