{"id":88893,"date":"2020-06-13T10:59:47","date_gmt":"2020-06-13T14:59:47","guid":{"rendered":"https:\/\/linitiative.ca\/International\/cameroun-une-dizaine-de-morts-dans-une-attaque-presumee-de-larmee-dans-le-nord-ouest\/"},"modified":"2020-06-13T10:59:47","modified_gmt":"2020-06-13T14:59:47","slug":"cameroun-une-dizaine-de-morts-dans-une-attaque-presumee-de-larmee-dans-le-nord-ouest","status":"publish","type":"post","link":"https:\/\/linitiative.ca\/International\/cameroun-une-dizaine-de-morts-dans-une-attaque-presumee-de-larmee-dans-le-nord-ouest\/","title":{"rendered":"Cameroun : une dizaine de morts dans une attaque pr\u00e9sum\u00e9e de l\u2019arm\u00e9e dans le Nord-ouest"},"content":{"rendered":"<div readability=\"32\">\n<p>Publi\u00e9 le 13.06.2020 \u00e0 15h59 par Journalducameroun.com<\/p>\n<\/div>\n<div readability=\"45\">\n<h2 class=\"c6\">Des civils et des combattants arm\u00e9s tu\u00e9s au cours de ce raid, le vendredi 12 juin \u00e0 Jakiri.<\/h2>\n<p class=\"c7\">Une attaque attribu\u00e9e \u00e0 l\u2019arm\u00e9e camerounaise a \u00e9t\u00e9 enregistr\u00e9e le 12 juin dans le village Mbokam, dans l\u2019arrondissement de Jakiri, d\u00e9partement du Bui, dans la r\u00e9gion du Nord-ouest du <strong>Cameroun<\/strong>.<\/p>\n<p class=\"c7\">Selon des\u00a0 sources locales, des soldats ont investi le village vers 5 heures ce jour-l\u00e0 sur des informations fournies par un combattant s\u00e9paratiste <em>\u00ab\u00a0repenti\u00a0\u00bb<\/em>. S\u2019en est suivi un \u00e9changes de coups de feu avec des hommes arm\u00e9s retranch\u00e9s dans le village.<\/p>\n<p class=\"c7\">Bilan des affrontements fourni par des sources locales\u00a0: cinq civil et 6 combattants s\u00e9paratistes tu\u00e9s.<\/p>\n<\/div>\n<p>Auteur: Ludovic Amara<br \/>\n<a href=\"https:\/\/www.journalducameroun.com\/cameroun-une-dizaine-de-morts-dans-une-attaque-presumee-de-larmee-dans-le-nord-ouest-cameroun\/\">Cliquez ici pour lire l&rsquo;article depuis sa source.<\/a><\/p>\n","protected":false},"excerpt":{"rendered":"<p>Publi\u00e9 le 13.06.2020 \u00e0 15h59 par Journalducameroun.com Des civils et des combattants arm\u00e9s tu\u00e9s au cours de ce raid, le vendredi 12 juin \u00e0 Jakiri. Une attaque attribu\u00e9e \u00e0 l\u2019arm\u00e9e camerounaise a \u00e9t\u00e9 enregistr\u00e9e le 12 juin dans le village Mbokam, dans l\u2019arrondissement de Jakiri, d\u00e9partement du Bui, dans la r\u00e9gion du Nord-ouest du Cameroun. [&hellip;]<\/p>\n","protected":false},"author":1965,"featured_media":0,"comment_status":"closed","ping_status":"closed","sticky":false,"template":"","format":"standard","meta":{"fifu_image_url":"","fifu_image_alt":"","footnotes":""},"categories":[73,82],"tags":[],"class_list":["post-88893","post","type-post","status-publish","format-standard","hentry","category-actualite","category-cameroun"],"_links":{"self":[{"href":"https:\/\/linitiative.ca\/International\/wp-json\/wp\/v2\/posts\/88893","targetHints":{"allow":["GET"]}}],"collection":[{"href":"https:\/\/linitiative.ca\/International\/wp-json\/wp\/v2\/posts"}],"about":[{"href":"https:\/\/linitiative.ca\/International\/wp-json\/wp\/v2\/types\/post"}],"author":[{"embeddable":true,"href":"https:\/\/linitiative.ca\/International\/wp-json\/wp\/v2\/users\/1965"}],"replies":[{"embeddable":true,"href":"https:\/\/linitiative.ca\/International\/wp-json\/wp\/v2\/comments?post=88893"}],"version-history":[{"count":0,"href":"https:\/\/linitiative.ca\/International\/wp-json\/wp\/v2\/posts\/88893\/revisions"}],"wp:attachment":[{"href":"https:\/\/linitiative.ca\/International\/wp-json\/wp\/v2\/media?parent=88893"}],"wp:term":[{"taxonomy":"category","embeddable":true,"href":"https:\/\/linitiative.ca\/International\/wp-json\/wp\/v2\/categories?post=88893"},{"taxonomy":"post_tag","embeddable":true,"href":"https:\/\/linitiative.ca\/International\/wp-json\/wp\/v2\/tags?post=88893"}],"curies":[{"name":"wp","href":"https:\/\/api.w.org\/{rel}","templated":true}]}}