{"id":88895,"date":"2020-06-13T14:18:08","date_gmt":"2020-06-13T18:18:08","guid":{"rendered":"https:\/\/linitiative.ca\/International\/maroc-la-51eme-edition-du-festival-des-arts-populaires-de-marrakech-du-27-au-31-octobre-prochain\/"},"modified":"2020-06-13T14:18:08","modified_gmt":"2020-06-13T18:18:08","slug":"maroc-la-51eme-edition-du-festival-des-arts-populaires-de-marrakech-du-27-au-31-octobre-prochain","status":"publish","type":"post","link":"https:\/\/linitiative.ca\/International\/maroc-la-51eme-edition-du-festival-des-arts-populaires-de-marrakech-du-27-au-31-octobre-prochain\/","title":{"rendered":"Maroc\u00a0: La 51\u00e8me\u00a0\u00e9dition du festival des arts populaires de Marrakech du 27 au 31 octobre prochain \u00a0"},"content":{"rendered":"<div readability=\"32\">\n<p>Publi\u00e9 le 13.06.2020 \u00e0 19h18 par APA News<\/p>\n<\/div>\n<div readability=\"53\">\n<p>La 51\u00e8 \u00e9dition du festival marocain des arts populaires (FNAP) aura lieu du 27 au 31 octobre prochain \u00e0 Marrakech, ont annonc\u00e9 les organisateurs.Pr\u00e9vue initialement du 01 au 05 juillet prochain, ce rendez-vous \u00e9clectique des arts populaires a \u00e9t\u00e9 report\u00e9 au mois d\u2019octobre prochain en raison des circonstances exceptionnelles que vivent le Maroc et le Monde \u00e0 cause de la pand\u00e9mie de la Covid-19, indique un communiqu\u00e9 de l\u2019association le grand Atlas, organisatrice de cette manifestation culturelle et artistique.Cette messe artistique de grande envergure est consid\u00e9r\u00e9e comme l\u2019un des plus importants et les plus anciens festivals qui traduit la diversit\u00e9 culturelle caract\u00e9risant le Royaume, rappelle la m\u00eame source.\u00a0<\/p>\n<p>Pour rappel, la 50\u00e8 \u00e9dition du FNAP, organis\u00e9e du 02 au 06 juillet dernier, avait accueilli plus de 60 troupes issues des diff\u00e9rentes r\u00e9gions du Maroc venues c\u00e9l\u00e9brer la magnificence, la richesse et la diversit\u00e9 du patrimoine culturel immat\u00e9riel marocain, en plus de troupes venues de l\u2019Ukraine, l\u2019Alg\u00e9rie, le S\u00e9n\u00e9gal et la Chine, venues pr\u00e9senter la culture et le folklore de leurs pays.<\/p>\n<\/div>\n<p>Auteur: APA News<br \/>\n<a href=\"https:\/\/www.journalducameroun.com\/maroc-la-51eme-edition-du-festival-des-arts-populaires-de-marrakech-du-27-au-31-octobre-prochain\/\">Cliquez ici pour lire l&rsquo;article depuis sa source.<\/a><\/p>\n","protected":false},"excerpt":{"rendered":"<p>Publi\u00e9 le 13.06.2020 \u00e0 19h18 par APA News La 51\u00e8 \u00e9dition du festival marocain des arts populaires (FNAP) aura lieu du 27 au 31 octobre prochain \u00e0 Marrakech, ont annonc\u00e9 les organisateurs.Pr\u00e9vue initialement du 01 au 05 juillet prochain, ce rendez-vous \u00e9clectique des arts populaires a \u00e9t\u00e9 report\u00e9 au mois d\u2019octobre prochain en raison des [&hellip;]<\/p>\n","protected":false},"author":1965,"featured_media":0,"comment_status":"closed","ping_status":"closed","sticky":false,"template":"","format":"standard","meta":{"fifu_image_url":"","fifu_image_alt":"","footnotes":""},"categories":[73,82],"tags":[],"class_list":["post-88895","post","type-post","status-publish","format-standard","hentry","category-actualite","category-cameroun"],"_links":{"self":[{"href":"https:\/\/linitiative.ca\/International\/wp-json\/wp\/v2\/posts\/88895","targetHints":{"allow":["GET"]}}],"collection":[{"href":"https:\/\/linitiative.ca\/International\/wp-json\/wp\/v2\/posts"}],"about":[{"href":"https:\/\/linitiative.ca\/International\/wp-json\/wp\/v2\/types\/post"}],"author":[{"embeddable":true,"href":"https:\/\/linitiative.ca\/International\/wp-json\/wp\/v2\/users\/1965"}],"replies":[{"embeddable":true,"href":"https:\/\/linitiative.ca\/International\/wp-json\/wp\/v2\/comments?post=88895"}],"version-history":[{"count":0,"href":"https:\/\/linitiative.ca\/International\/wp-json\/wp\/v2\/posts\/88895\/revisions"}],"wp:attachment":[{"href":"https:\/\/linitiative.ca\/International\/wp-json\/wp\/v2\/media?parent=88895"}],"wp:term":[{"taxonomy":"category","embeddable":true,"href":"https:\/\/linitiative.ca\/International\/wp-json\/wp\/v2\/categories?post=88895"},{"taxonomy":"post_tag","embeddable":true,"href":"https:\/\/linitiative.ca\/International\/wp-json\/wp\/v2\/tags?post=88895"}],"curies":[{"name":"wp","href":"https:\/\/api.w.org\/{rel}","templated":true}]}}