{"id":88907,"date":"2020-06-14T09:00:45","date_gmt":"2020-06-14T13:00:45","guid":{"rendered":"https:\/\/linitiative.ca\/International\/groupe-aksal-pour-celebrer-la-reouverture-une-nouvelle-collection-chez-pullbear\/"},"modified":"2020-06-14T09:00:45","modified_gmt":"2020-06-14T13:00:45","slug":"groupe-aksal-pour-celebrer-la-reouverture-une-nouvelle-collection-chez-pullbear","status":"publish","type":"post","link":"https:\/\/linitiative.ca\/International\/groupe-aksal-pour-celebrer-la-reouverture-une-nouvelle-collection-chez-pullbear\/","title":{"rendered":"Groupe Aksal : Pour c\u00e9l\u00e9brer la r\u00e9ouverture, une nouvelle collection chez Pull&amp;Bear"},"content":{"rendered":"<header>\n<\/header>\n<div class=\"entry-content clearfix\" readability=\"56\"><img decoding=\"async\" class=\"post_layout_5_img\" src=\"http:\/\/aujourdhui.ma\/wp-content\/uploads\/2020\/06\/PullBear.jpg\" alt=\"Groupe Aksal : Pour c&#xE9;l&#xE9;brer la r&#xE9;ouverture, une nouvelle collection chez Pull&amp;Bear\"\/><\/p>\n<p><span class=\"c5\"><strong>La r\u00e9ouverture du magasin Pull&amp;Bear Boulevard Massira est c\u00e9l\u00e9br\u00e9e par le lancement d\u2019une nouvelle collection.<\/strong><\/span><\/p>\n<p>A cet effet, Pull&amp;Bear s\u2019associe \u00e0 Smiley pour cr\u00e9er une collection capsule remplie de streetwear et d\u2019accessoires marqu\u00e9e par la cr\u00e9ativit\u00e9, art et contrastes. \u00abSmiley a r\u00e9ussi \u00e0 se surpasser au fil du temps et \u00e0 devenir une ic\u00f4ne g\u00e9n\u00e9rationnelle influente dans le milieu de la mode et de la culture de notre \u00e9poque en r\u00e9unissant des artistes, des cr\u00e9ateurs et des trendsetters importants au niveau culturel autour d\u2019un point commun: son esprit positif repr\u00e9sentant un sourire\u00bb, apprend-on d\u2019Aksal.<\/p>\n<p>\u00abSmiley x Pull&amp;Bear\u00bb pr\u00e9sente une ligne de T-shirts et de sweats en noir et blanc sur lesquels fusionne l\u2019univers pop de Smiley avec l\u2019expressionnisme de Van Gogh, les \u0153uvres impressionnistes de Monet et le style baroque de Vermeer. Tout cela accompagn\u00e9 du style urbain distinctif de Pull&amp;Bear sur les imprim\u00e9s et motifs.<\/p>\n<p>La partie f\u00e9minine de la collection arrive \u00e9galement avec des T-shirts et des sweats sur lesquels l\u2019art classique est revisit\u00e9, associ\u00e9 \u00e0 la caract\u00e9ristique iconographie de Smiley originals. cette collection arrive avec des accessoires parfaits pour compl\u00e9ter les looks comme les sacs seau, la bague Smiley, les pendentifs ou les chaussettes.<\/p>\n<p><a href=\"https:http:\/\/aujourdhui.ma\/wp-content\/uploads\/2020\/06\/PullBear-.jpg\"><img loading=\"lazy\" decoding=\"async\" class=\"size-full wp-image-347544 aligncenter\" src=\"http:\/\/aujourdhui.ma\/wp-content\/uploads\/2020\/06\/PullBear-.jpg\" alt=\"\" width=\"700\" height=\"990\" srcset=\"http:\/\/aujourdhui.ma\/wp-content\/uploads\/2020\/06\/PullBear-.jpg 700w, \/\/aujourdhui.ma\/wp-content\/uploads\/2020\/06\/PullBear--212x300.jpg 212w\" sizes=\"auto, (max-width: 700px) 100vw, 700px\"\/><\/a><\/p>\n<\/div>\n<p>Auteur: ALM<br \/>\n<a href=\"https:\/\/aujourdhui.ma\/economie\/groupe-aksal-pour-celebrer-la-reouverture-une-nouvelle-collection-chez-pullbear\">Cliquez ici pour lire l&rsquo;article depuis sa source.<\/a><\/p>\n","protected":false},"excerpt":{"rendered":"<p>La r\u00e9ouverture du magasin Pull&amp;Bear Boulevard Massira est c\u00e9l\u00e9br\u00e9e par le lancement d\u2019une nouvelle collection. A cet effet, Pull&amp;Bear s\u2019associe \u00e0 Smiley pour cr\u00e9er une collection capsule remplie de streetwear et d\u2019accessoires marqu\u00e9e par la cr\u00e9ativit\u00e9, art et contrastes. \u00abSmiley a r\u00e9ussi \u00e0 se surpasser au fil du temps et \u00e0 devenir une ic\u00f4ne g\u00e9n\u00e9rationnelle [&hellip;]<\/p>\n","protected":false},"author":1759,"featured_media":88908,"comment_status":"closed","ping_status":"closed","sticky":false,"template":"","format":"standard","meta":{"fifu_image_url":"","fifu_image_alt":"","footnotes":""},"categories":[73,54],"tags":[],"class_list":["post-88907","post","type-post","status-publish","format-standard","has-post-thumbnail","hentry","category-actualite","category-maroc"],"_links":{"self":[{"href":"https:\/\/linitiative.ca\/International\/wp-json\/wp\/v2\/posts\/88907","targetHints":{"allow":["GET"]}}],"collection":[{"href":"https:\/\/linitiative.ca\/International\/wp-json\/wp\/v2\/posts"}],"about":[{"href":"https:\/\/linitiative.ca\/International\/wp-json\/wp\/v2\/types\/post"}],"author":[{"embeddable":true,"href":"https:\/\/linitiative.ca\/International\/wp-json\/wp\/v2\/users\/1759"}],"replies":[{"embeddable":true,"href":"https:\/\/linitiative.ca\/International\/wp-json\/wp\/v2\/comments?post=88907"}],"version-history":[{"count":0,"href":"https:\/\/linitiative.ca\/International\/wp-json\/wp\/v2\/posts\/88907\/revisions"}],"wp:featuredmedia":[{"embeddable":true,"href":"https:\/\/linitiative.ca\/International\/wp-json\/"}],"wp:attachment":[{"href":"https:\/\/linitiative.ca\/International\/wp-json\/wp\/v2\/media?parent=88907"}],"wp:term":[{"taxonomy":"category","embeddable":true,"href":"https:\/\/linitiative.ca\/International\/wp-json\/wp\/v2\/categories?post=88907"},{"taxonomy":"post_tag","embeddable":true,"href":"https:\/\/linitiative.ca\/International\/wp-json\/wp\/v2\/tags?post=88907"}],"curies":[{"name":"wp","href":"https:\/\/api.w.org\/{rel}","templated":true}]}}