{"id":88909,"date":"2020-06-14T10:13:54","date_gmt":"2020-06-14T14:13:54","guid":{"rendered":"https:\/\/linitiative.ca\/International\/apres-les-revers-militaires-et-politiques-le-polisario-perd-sa-bataille-de-promotion\/"},"modified":"2020-06-14T10:13:54","modified_gmt":"2020-06-14T14:13:54","slug":"apres-les-revers-militaires-et-politiques-le-polisario-perd-sa-bataille-de-promotion","status":"publish","type":"post","link":"https:\/\/linitiative.ca\/International\/apres-les-revers-militaires-et-politiques-le-polisario-perd-sa-bataille-de-promotion\/","title":{"rendered":"Apr\u00e8s les revers militaires et politiques, le \u00abPolisario\u00bb perd sa bataille de promotion"},"content":{"rendered":"<p class=\"has-text-color has-vivid-red-color c2\"><strong>Mohamed Benhamou, Directeur du Centre marocain des \u00e9tudes strat\u00e9giques<\/strong><\/p>\n<p class=\"has-text-color c3\"><strong>Les revers subis par le \u00abPolisario\u00bb, parrain\u00e9 par l\u2019Alg\u00e9rie, se suivent mais ne se ressemblent pas dans la mesure o\u00f9 le mouvement s\u00e9paratiste, apr\u00e8s ses \u00e9checs militaires et politiques successifs, a perdu de nouveau une bataille juridique \u00e0 travers laquelle il essayait, en vain, de promouvoir sa pr\u00e9tendue l\u00e9gitimit\u00e9 et repr\u00e9sentativit\u00e9 des populations sahraouies, affirme le directeur du Centre marocain des \u00e9tudes strat\u00e9giques, M. Mohamed Benhamou.<\/strong><\/p>\n<p>Dans un entretien \u00e0 la MAP, M. Benhamou a soulign\u00e9 qu\u2019hormis le soutien abondant de l\u2019Alg\u00e9rie au \u00abPolisario\u00bb aux niveaux diplomatique, politique et financier, \u00e0 contrario des int\u00e9r\u00eats du peuple alg\u00e9rien, l\u2019\u00e9chec hante constamment cette entit\u00e9 fantomatique dans les batailles qu\u2019elle m\u00e8ne et qui butent sur l\u2019efficacit\u00e9 de la diplomatie marocaine, \u00e0 la faveur de la strat\u00e9gie mise en place sous la conduite \u00e9clair\u00e9e de SM le Roi Mohammed VI.<\/p>\n<p>Benhamou, qui est \u00e9galement un expert international dans les questions de s\u00e9curitaires et de terrorisme, a expliqu\u00e9 que le dernier de ces camouflets est venu d\u2019Espagne, qui a enfonc\u00e9 le dernier clou dans le cercueil du front s\u00e9paratiste, apr\u00e8s trois \u00e9v\u00e9nements majeurs, diff\u00e9rents dans la forme, mais qui se rejoignent sur le fond.<\/p>\n<p>Selon lui, ces d\u00e9veloppements, qui renient tout statut l\u00e9gal \u00e0 la R\u00e9publique chim\u00e9rique, interviennent apr\u00e8s le verdict de la Cour de Justice de l\u2019Union Europ\u00e9enne qui a rejet\u00e9 le recours interjet\u00e9 par ce groupe arm\u00e9 pour \u00abd\u00e9faut de qualit\u00e9 pour agir\u00bb.<\/p>\n<p>Il a, \u00e0 ce propos, expliqu\u00e9 que le premier \u00e9v\u00e9nement se rapporte \u00e0 la d\u00e9cision rendue par la Cour supr\u00eame espagnole, qui est l\u2019organe judiciaire supr\u00eame dans toutes les sections de la justice, concernant \u00abl\u2019interdiction aux entit\u00e9s non officielles l\u2019utilisation de drapeaux, slogans, symboles et toute forme d\u2019expression politique \u00e0 l\u2019int\u00e9rieur ou \u00e0 l\u2019ext\u00e9rieur des \u00e9difices publics\u00bb.<\/p>\n<p>L\u2019arr\u00eat de la Cour supr\u00eame, qui consid\u00e8re que l\u2019utilisation de drapeaux, fanions ou symboles non officiels, comme celui des s\u00e9paratistes du \u00abpolisario\u00bb, dans les \u00e9difices et les espaces publics n\u2019est pas \u00abcompatible avec le cadre constitutionnel et juridique actuel\u00bb ou avec le \u00abdevoir d\u2019objectivit\u00e9 et de neutralit\u00e9 des administrations\u00bb espagnoles, note-t-il.<\/p>\n<p>\u00abCet arr\u00eat, qui rev\u00eat une importance extr\u00eame en reniant la pr\u00e9tendue l\u00e9gitimit\u00e9 de l\u2019entit\u00e9 fantomatique, rejette en profondeur les th\u00e8ses s\u00e9paratistes, y compris celles v\u00e9hicul\u00e9es par le + Polisario+\u00bb, a-t-il soutenu.<\/p>\n<p>Il s\u2019av\u00e8re ainsi clairement qu\u2019\u00e0 travers cet arr\u00eat, les 79 juges de la Cour supr\u00eame espagnole, dont l\u2019influence s\u2019\u00e9tend \u00e0 diverses organisations r\u00e9gionales europ\u00e9ennes, ont exprim\u00e9 le rejet des pratiques absurdes et anarchiques d\u2019une entit\u00e9 ill\u00e9gale sur le territoire espagnol, montrant de la sorte que le voisin ib\u00e9rique ne peut plus tol\u00e9rer l\u2019usage du fanion du \u00abPolisario\u00bb et qu\u2019il coexiste \u00abavec le drapeau de l\u2019Espagne et les autres l\u00e9galement ou statutairement institu\u00e9s\u00bb, retient l\u2019expert.<\/p>\n<p>Le directeur du Centre marocain d\u2019\u00e9tudes strat\u00e9giques a relev\u00e9 \u00e9galement que cet arr\u00eat est consid\u00e9r\u00e9 comme un \u00abrefus juridique\u00bb \u00e9mis par une juridiction dont les d\u00e9cisions sont irr\u00e9vocables et \u00e0 travers lequel elle rejette toute pr\u00e9sence de cette entit\u00e9 fantoche sur le sol espagnol.<\/p>\n<p>L\u2019expert a expliqu\u00e9 que cette d\u00e9cision est conforme \u00e0 la position officielle de Madrid soutenant les efforts des Nations unies pour trouver une solution pacifique et politique \u00e0 la question du Sahara marocain et constitue un changement de cap dans la politique espagnole \u00e0 l\u2019\u00e9gard de l\u2019entit\u00e9 fictive en mettant fin \u00e0 des pratiques de longue dur\u00e9e sur ses territoires.<\/p>\n<p>A travers cette d\u00e9cision, l\u2019Espagne embo\u00eete ainsi le pas \u00e0 la Cour de justice europ\u00e9enne, la plus haute instance judiciaire au niveau de l\u2019Union Europ\u00e9enne, qui avait adopt\u00e9, en 2018, une d\u00e9cision rejetant l\u2019appel interjet\u00e9 par la pr\u00e9tendue r\u00e9publique banani\u00e8re contre l\u2019accord de p\u00eache liant le Maroc \u00e0 l\u2019Union Europ\u00e9enne, a-t-il soutenu.<\/p>\n<p>L\u2019expert a indiqu\u00e9 que la juridiction europ\u00e9enne a rejet\u00e9 le recours interjet\u00e9 par cette entit\u00e9 fantoche pour \u00abd\u00e9faut de qualit\u00e9 pour agir\u00bb.<\/p>\n<p>Il a, de m\u00eame, expliqu\u00e9 que le deuxi\u00e8me \u00e9v\u00e9nement, qui s\u2019inscrit dans le sillage des revers juridiques subis par le \u00abPolisario\u00bb en raison de la d\u00e9cision de la Cour supr\u00eame espagnole, concerne la position exprim\u00e9e par la ministre espagnole des Affaires \u00e9trang\u00e8res, de l\u2019Union europ\u00e9enne et de la Coop\u00e9ration, Arancha Gonzalez Laya, fin mai \u00e0 l\u2019occasion de la c\u00e9l\u00e9bration de la Journ\u00e9e mondiale de l\u2019Afrique.<\/p>\n<p>La responsable espagnole avait \u00e9crit une lettre au pr\u00e9sident de la Commission de l\u2019Union africaine, Moussa Faki, sur la page officielle du minist\u00e8re espagnol des Affaires \u00e9trang\u00e8res sur \u00abTweeter\u00bb, accompagn\u00e9e d\u2019une photo avec les drapeaux de tous les pays membres de l\u2019Union Africaine \u00e0 l\u2019exception de celui de la pseudo \u00abRasd\u00bb, a-t-il rappel\u00e9.<\/p>\n<p>S\u2019ajoute \u00e0 ces \u00e9checs, a-t-il dit, la r\u00e9union par visio-conf\u00e9rence tenue, \u00e0 cette occasion, par la ministre espagnole avec tous les ambassadeurs africains accr\u00e9dit\u00e9s en Espagne, sans qu\u2019aucune invitation ne soit adress\u00e9e aux repr\u00e9sentants de cette entit\u00e9, qui croyaient depuis de longues ann\u00e9es que l\u2019Espagne est leur principal bastion.<\/p>\n<p>Pour l\u2019orateur, cette approche est en pleine harmonie avec la position officielle de l\u2019Espagne exprim\u00e9e, en septembre dernier, lors de l\u2019Assembl\u00e9e g\u00e9n\u00e9rale des Nations Unies, et qui d\u00e9fend la centralit\u00e9 du r\u00f4le des Nations unies dans le processus de r\u00e8glement politique de la question du Sahara marocain, ce qui n\u2019a fait que consacrer l\u2019isolement du front s\u00e9paratiste.<\/p>\n<p>M. Benhammou a rappel\u00e9, \u00e0 cet \u00e9gard, une position ant\u00e9rieure de la ministre espagnole en r\u00e9action \u00e0 la rencontre , en f\u00e9vrier dernier, du ministre d\u2019Etat aux Affaires sociales appartenant au parti de gauche \u00abPodemos\u00bb avec un repr\u00e9sentant du \u00abpolisario\u00bb, en confirmant, en tant que repr\u00e9sentante unique de la diplomatie espagnole, que son pays ne reconna\u00eet pas la soi-disant \u00abrasd\u00bb et soutient les efforts du Secr\u00e9taire g\u00e9n\u00e9ral de l\u2019ONU pour parvenir \u00e0 une solution pacifique de la question du Sahara marocain dans le cadre des r\u00e9solutions du Conseil de s\u00e9curit\u00e9, position qu\u2019elle a \u00e9galement exprim\u00e9e lors de sa visite le 3 mars dernier en Alg\u00e9rie.<\/p>\n<p>Ces signaux ont port\u00e9 un coup dur au front s\u00e9paratiste qui agonisait d\u00e9j\u00e0 depuis longtemps, a-t-il soutenu, rappelant la position officielle de l\u2019Etat espagnol qui durant des ann\u00e9es fermait les yeux sur les pratiques de cette entit\u00e9 fantoche.<\/p>\n<p>Le troisi\u00e8me signal, souligne l\u2019expert, concerne un autre arr\u00eat \u00e9manant de la Chambre civile de la Cour supr\u00eame espagnole, qui a refus\u00e9 la nationalit\u00e9 espagnole \u00e0 une citoyenne n\u00e9e en 1973 dans les provinces du sud du Maroc, apr\u00e8s le recours introduit par la Direction G\u00e9n\u00e9rale de la S\u00e9curit\u00e9.<\/p>\n<p>Juridique et de la Foi Publique contre un verdict rendu par le tribunal r\u00e9gional des Bal\u00e9ares qui a accord\u00e9 la nationalit\u00e9 \u00e0 cette ressortissante, sur la base de l\u2019article 17.1 du Code civil.<\/p>\n<p>Selon la m\u00eame source, il s\u2019agit d\u2019un arr\u00eat motiv\u00e9 par le fait que les personnes n\u00e9es sur un territoire pendant la p\u00e9riode o\u00f9 il s\u2019agissait d\u2019une colonie espagnole ne sont pas \u00e9ligible \u00e0 la nationalit\u00e9.<\/p>\n<p>Ce qui est incontestable, indique la Cour Supr\u00eame, c\u2019est la situation coloniale du Sahara par Madrid et, de ce fait, le Sahara marocain ne peut pas \u00eatre consid\u00e9r\u00e9 comme l\u2019Espagne aux fins d\u2019obtenir la nationalit\u00e9 d\u2019origine conform\u00e9ment \u00e0 l\u2019article 17.1.c du Code Civil.<\/p>\n<p>Dans ce sens, le directeur du Centre marocain des \u00e9tudes strat\u00e9giques a consid\u00e9r\u00e9 les r\u00e9centes d\u00e9cisions de l\u2019Espagne comme pour une d\u00e9marche pour \u00abeuthanasier le -Polisario-\u00bb.<\/p>\n<p>Pour preuve, a-t-il dit, les conditions dans lesquelles vivent les camps de Tindouf ces derniers temps, l\u2019intensit\u00e9 des protestations et la col\u00e8re croissante contre sa direction, comme c\u2019est le cas d\u2019ailleurs du r\u00e9gime alg\u00e9rien qui souffre de crises multidimensionnelles successives.<\/p>\n<p>\u00abCes coups cons\u00e9cutifs re\u00e7us par le front s\u00e9paratiste l\u2019ont fait entrer dans une guerre sans issue et sans objectifs, surtout lorsqu\u2019on \u00e9voque les succ\u00e8s continus remport\u00e9s par la diplomatie marocaine sous la sage conduite de Sa Majest\u00e9 le Roi\u00bb, fait-il remarquer. Le dernier en date, et non des moindres, a-t-il expliqu\u00e9, \u00e9tant \u00abl\u2019ouverture par plusieurs de nos fr\u00e8res africains de leurs Consulats dans les provinces du Sud du Royaume\u00bb, ce qui \u00abconstitue une reconnaissance officielle de la souverainet\u00e9 marocaine sur tout le territoire national\u00bb.<\/p>\n<p>L\u2019expert a indiqu\u00e9 que cet \u00e9tat de fait a \u00e9t\u00e9 confirm\u00e9 par le Conseil de s\u00e9curit\u00e9 de l\u2019ONU, apr\u00e8s que l\u2019Alg\u00e9rie, partie impliqu\u00e9e directement dans ce conflit artificiel, a protest\u00e9 contre l\u2019ouverture de ces Consulats, en refusant son appel, en consid\u00e9rant que cette question est li\u00e9e \u00e0 des d\u00e9marches souveraines compatibles avec le droit international et s\u2019inscrivant dans le cadre des relations bilat\u00e9rales entre le Maroc et ses partenaires africains.<\/p>\n<p>Cela constitue immanquablement une victoire juridique pour le Maroc et une reconnaissance de sa souverainet\u00e9 sur ses provinces du Sud, a estim\u00e9 encore l\u2019expert.<\/p>\n<p>M. Benhamou a rappel\u00e9, dans ce contexte, les nombreux succ\u00e8s r\u00e9alis\u00e9s par le Royaume sous la sage conduite de SM le Roi Mohammed VI, tant \u00e0 l\u2019int\u00e9rieur qu\u2019\u00e0 l\u2019ext\u00e9rieur. Le Maroc est devenu un acteur agissant sur la sc\u00e8ne internationale et il entretient des relations strat\u00e9giques avec divers membres de la communaut\u00e9 internationale, \u00e0 diff\u00e9rents niveaux, a-t-il not\u00e9.<\/p>\n<p>Auteur: M&rsquo;hammed rahal<br \/>\n<a href=\"http:\/\/albayane.press.ma\/apres-les-revers-militaires-et-politiques-le-polisario-perd-sa-bataille-de-promotion.html\">Cliquez ici pour lire l&rsquo;article depuis sa source.<\/a><\/p>\n","protected":false},"excerpt":{"rendered":"<p>Mohamed Benhamou, Directeur du Centre marocain des \u00e9tudes strat\u00e9giques Les revers subis par le \u00abPolisario\u00bb, parrain\u00e9 par l\u2019Alg\u00e9rie, se suivent mais ne se ressemblent pas dans la mesure o\u00f9 le mouvement s\u00e9paratiste, apr\u00e8s ses \u00e9checs militaires et politiques successifs, a perdu de nouveau une bataille juridique \u00e0 travers laquelle il essayait, en vain, de promouvoir [&hellip;]<\/p>\n","protected":false},"author":1760,"featured_media":0,"comment_status":"closed","ping_status":"closed","sticky":false,"template":"","format":"standard","meta":{"fifu_image_url":"","fifu_image_alt":"","footnotes":""},"categories":[73,54],"tags":[],"class_list":["post-88909","post","type-post","status-publish","format-standard","hentry","category-actualite","category-maroc"],"_links":{"self":[{"href":"https:\/\/linitiative.ca\/International\/wp-json\/wp\/v2\/posts\/88909","targetHints":{"allow":["GET"]}}],"collection":[{"href":"https:\/\/linitiative.ca\/International\/wp-json\/wp\/v2\/posts"}],"about":[{"href":"https:\/\/linitiative.ca\/International\/wp-json\/wp\/v2\/types\/post"}],"author":[{"embeddable":true,"href":"https:\/\/linitiative.ca\/International\/wp-json\/wp\/v2\/users\/1760"}],"replies":[{"embeddable":true,"href":"https:\/\/linitiative.ca\/International\/wp-json\/wp\/v2\/comments?post=88909"}],"version-history":[{"count":0,"href":"https:\/\/linitiative.ca\/International\/wp-json\/wp\/v2\/posts\/88909\/revisions"}],"wp:attachment":[{"href":"https:\/\/linitiative.ca\/International\/wp-json\/wp\/v2\/media?parent=88909"}],"wp:term":[{"taxonomy":"category","embeddable":true,"href":"https:\/\/linitiative.ca\/International\/wp-json\/wp\/v2\/categories?post=88909"},{"taxonomy":"post_tag","embeddable":true,"href":"https:\/\/linitiative.ca\/International\/wp-json\/wp\/v2\/tags?post=88909"}],"curies":[{"name":"wp","href":"https:\/\/api.w.org\/{rel}","templated":true}]}}