{"id":88912,"date":"2020-06-14T11:11:45","date_gmt":"2020-06-14T15:11:45","guid":{"rendered":"https:\/\/linitiative.ca\/International\/lepidemie-rebondit-en-chine-au-moment-ou-leurope-rouvre-ses-frontieres%ef%bb%bf\/"},"modified":"2020-06-14T11:11:45","modified_gmt":"2020-06-14T15:11:45","slug":"lepidemie-rebondit-en-chine-au-moment-ou-leurope-rouvre-ses-frontieres%ef%bb%bf","status":"publish","type":"post","link":"https:\/\/linitiative.ca\/International\/lepidemie-rebondit-en-chine-au-moment-ou-leurope-rouvre-ses-frontieres%ef%bb%bf\/","title":{"rendered":"L\u2019\u00e9pid\u00e9mie rebondit en Chine au moment o\u00f9 l\u2019Europe rouvre ses fronti\u00e8res\ufeff"},"content":{"rendered":"<p class=\"has-text-color c2\"><strong>La Chine a enregistr\u00e9 dimanche un rebond des nouveaux cas de Covid-19, renfor\u00e7ant les craintes de r\u00e9surgence de la pand\u00e9mie dans le pays o\u00f9 elle a d\u00e9marr\u00e9 l\u2019an dernier, au moment m\u00eame o\u00f9 plusieurs pays d\u2019Europe s\u2019appr\u00eatent \u00e0 rouvrir leurs fronti\u00e8res apr\u00e8s avoir constat\u00e9 un recul de la maladie.<\/strong><\/p>\n<p>Selon les autorit\u00e9s chinoises, 57 nouveaux cas confirm\u00e9s de contamination au coronavirus ont \u00e9t\u00e9 recens\u00e9s en 24 heures, dont 36 \u00e0 P\u00e9kin, le plus haut chiffre quotidien depuis avril. Une nouvelle inqui\u00e9tante pour le reste du monde qui redoute une seconde vague de l\u2019\u00e9pid\u00e9mie, qui continue \u00e0 faire rage en Am\u00e9rique latine.<\/p>\n<p>Gr\u00e2ce \u00e0 de stricts contr\u00f4les, au port du masque et aux op\u00e9rations de confinement, l\u2019\u00e9pid\u00e9mie \u00e9tait sous contr\u00f4le en Chine, o\u00f9 est apparu le nouveau coronavirus l\u2019an dernier \u00e0 Wuhan (centre).<\/p>\n<p>Mais un nouveau foyer de contamination a \u00e9t\u00e9 d\u00e9tect\u00e9 dans le sud de P\u00e9kin au march\u00e9 de gros de Xinfadi, qui vend notamment de la viande, du poisson et des l\u00e9gumes. Une d\u00e9couverte qui a entra\u00een\u00e9 le confinement de 11 zones r\u00e9sidentielles des environs.<\/p>\n<p>Un homme de 56 ans, qui travaille comme chauffeur de bus \u00e0 l\u2019a\u00e9roport et qui s\u2019\u00e9tait rendu au march\u00e9 de Xinfadi avant de tomber malade, fait partie des cas rapport\u00e9s dimanche.<\/p>\n<p>Des centaines de policiers et de membres de la police paramilitaire, dont beaucoup portant des masques de protection et des gants, ont \u00e9t\u00e9 vus samedi par des journalistes de l\u2019AFP pr\u00e8s du march\u00e9 de Xinfadi.<\/p>\n<p>Toutes les personnes travaillant dans ce march\u00e9 ou qui s\u2019y sont rendues depuis le 30 mai, doivent subir un test de d\u00e9pistage, de m\u00eame que les habitants des quartiers avoisinants.<\/p>\n<p>\u00abLes gens ont peur\u00bb, a racont\u00e9 un vendeur de fruits et l\u00e9gumes \u00e0 l\u2019AFP sur un autre march\u00e9 de la ville. Dans certains quartiers de P\u00e9kin, les habitants \u00e9taient clo\u00eetr\u00e9s chez eux et les commerces et restaurants \u00e9taient ferm\u00e9s dimanche.<\/p>\n<p>Ce regain d\u2019inqui\u00e9tude en Chine intervient alors qu\u2019en Europe, o\u00f9 la maladie est en net recul, l\u2019Allemagne, la Belgique, la France et la Gr\u00e8ce r\u00e9tablissent lundi matin la libre circulation avec tous les pays de l\u2019Union europ\u00e9enne. L\u2019Autriche fera de m\u00eame lundi \u00e0 minuit.<\/p>\n<p>En France, le pr\u00e9sident Emmanuel Macron prononce dimanche soir une allocution solennelle, alors que les appels \u00e0 acc\u00e9l\u00e9rer le processus de d\u00e9confinement se sont multipli\u00e9s ces derniers jours dans le pays. Le coronavirus y a fait 29.398 morts, mais le nombre de malades ne cesse de baisser.<\/p>\n<p>Mais en Italie, qui a rouvert ses fronti\u00e8res depuis le 3 juin, deux nouveaux foyers de coronavirus ont \u00e9t\u00e9 d\u00e9tect\u00e9s ces derniers jours \u00e0 Rome, l\u2019un dans un h\u00f4pital, l\u2019autre dans un immeuble squatt\u00e9.<\/p>\n<p>Et l\u2019Iran a annonc\u00e9 dimanche plus de 100 morts du Covid-19 en 24 heures, ce qui n\u2019\u00e9tait plus arriv\u00e9 depuis deux mois et porte le bilan de l\u2019\u00e9pid\u00e9mie \u00e0 8.837 morts dans le pays.<\/p>\n<p>Avec un total de 42.720 morts recens\u00e9s samedi soir, le Br\u00e9sil est le deuxi\u00e8me pays le plus endeuill\u00e9 par le Covid-19, derri\u00e8re les Etats-Unis (115.347 morts pour plus de deux millions de cas).<\/p>\n<p>Au total, le Covid-19 a fait plus de 427.000 morts et contamin\u00e9 plus de 7,7 millions de personnes sur la plan\u00e8te, selon un bilan \u00e9tabli par l\u2019AFP \u00e0 partir de sources officielles.<\/p>\n<p>Son \u00e9picentre se trouve d\u00e9sormais en Am\u00e9rique latine, o\u00f9 en dehors du Br\u00e9sil, la situation empire dans des pays comme le Mexique et le Chili, cependant qu\u2019au Honduras, le syst\u00e8me hospitalier est \u00abau bord de l\u2019effondrement\u00bb, a averti le professeur Marco Tulio Medina, de l\u2019Universit\u00e9 Nationale.<\/p>\n<p>En Inde, qui a enregistr\u00e9 pr\u00e8s de 9.000 morts et plus de 300.000 cas confirm\u00e9s du nouveau coronavirus, les corps s\u2019entassent dans les morgues car le personnel des cimeti\u00e8res et des cr\u00e9matoriums n\u2019arrive pas \u00e0 suivre le rythme des d\u00e9c\u00e8s. Selon les m\u00e9dias indiens, de nombreuses personnes d\u00e9c\u00e8dent apr\u00e8s avoir \u00e9t\u00e9 refus\u00e9es par les h\u00f4pitaux.<\/p>\n<p>Accus\u00e9s d\u2019avoir mal g\u00e9r\u00e9 la crise sanitaire ou d\u2019agir \u00e0 contretemps, des gouvernements se retrouvent sur le banc des accus\u00e9s un peu partout dans le monde.<\/p>\n<p>Au Chili, le ministre de la Sant\u00e9 a ainsi d\u00e9missionn\u00e9 samedi apr\u00e8s une semaine de pol\u00e9mique sur la hausse du nombre des cas de nouveau coronavirus et la m\u00e9thodologie de comptage.<\/p>\n<p>En Italie, o\u00f9 l\u2019\u00e9pid\u00e9mie a fait plus de 34.000 morts, le Premier ministre Giuseppe Conte a appel\u00e9 samedi \u00e0 la pr\u00e9paration d\u2019un plan de relance \u00e9conomique \u00abcourageux\u00bb.<\/p>\n<p>En attendant, les touristes retournent en grand nombre \u00e0 Venise, \u00e0 l\u2019occasion de la r\u00e9ouverture du Palais des Doges. \u00abC\u2019est une \u00e9motion tr\u00e8s forte, comme un premier jour d\u2019\u00e9cole\u00bb, a t\u00e9moign\u00e9 Maria Cristina Gribaudi, pr\u00e9sidente de la Fondation des mus\u00e9es civiques de Venise.<\/p>\n<p>La Gr\u00e8ce, elle aussi, est \u00abpr\u00eate \u00e0 accueillir les touristes cet \u00e9t\u00e9\u00bb en toute s\u00e9curit\u00e9, a affirm\u00e9 le Premier ministre Kyriakos Mitsotakis.<\/p>\n<p>Quant \u00e0 l\u2019Union europ\u00e9enne, elle a s\u00e9curis\u00e9 samedi son approvisionnement en vaccins contre le nouveau coronavirus en concluant un accord avec le groupe pharmaceutique Astra Zeneca qui garantit la fourniture de 300 millions de doses lorsqu\u2019un vaccin aura \u00e9t\u00e9 d\u00e9couvert.<\/p>\n<p class=\"c3\">(AFP)<\/p>\n<p>Auteur: M&rsquo;hammed rahal<br \/>\n<a href=\"http:\/\/albayane.press.ma\/lepidemie-rebondit-en-chine-au-moment-ou-leurope-rouvre-ses-frontieres%EF%BB%BF.html\">Cliquez ici pour lire l&rsquo;article depuis sa source.<\/a><\/p>\n","protected":false},"excerpt":{"rendered":"<p>La Chine a enregistr\u00e9 dimanche un rebond des nouveaux cas de Covid-19, renfor\u00e7ant les craintes de r\u00e9surgence de la pand\u00e9mie dans le pays o\u00f9 elle a d\u00e9marr\u00e9 l\u2019an dernier, au moment m\u00eame o\u00f9 plusieurs pays d\u2019Europe s\u2019appr\u00eatent \u00e0 rouvrir leurs fronti\u00e8res apr\u00e8s avoir constat\u00e9 un recul de la maladie. Selon les autorit\u00e9s chinoises, 57 nouveaux [&hellip;]<\/p>\n","protected":false},"author":1760,"featured_media":0,"comment_status":"closed","ping_status":"closed","sticky":false,"template":"","format":"standard","meta":{"fifu_image_url":"","fifu_image_alt":"","footnotes":""},"categories":[73,54],"tags":[],"class_list":["post-88912","post","type-post","status-publish","format-standard","hentry","category-actualite","category-maroc"],"_links":{"self":[{"href":"https:\/\/linitiative.ca\/International\/wp-json\/wp\/v2\/posts\/88912","targetHints":{"allow":["GET"]}}],"collection":[{"href":"https:\/\/linitiative.ca\/International\/wp-json\/wp\/v2\/posts"}],"about":[{"href":"https:\/\/linitiative.ca\/International\/wp-json\/wp\/v2\/types\/post"}],"author":[{"embeddable":true,"href":"https:\/\/linitiative.ca\/International\/wp-json\/wp\/v2\/users\/1760"}],"replies":[{"embeddable":true,"href":"https:\/\/linitiative.ca\/International\/wp-json\/wp\/v2\/comments?post=88912"}],"version-history":[{"count":0,"href":"https:\/\/linitiative.ca\/International\/wp-json\/wp\/v2\/posts\/88912\/revisions"}],"wp:attachment":[{"href":"https:\/\/linitiative.ca\/International\/wp-json\/wp\/v2\/media?parent=88912"}],"wp:term":[{"taxonomy":"category","embeddable":true,"href":"https:\/\/linitiative.ca\/International\/wp-json\/wp\/v2\/categories?post=88912"},{"taxonomy":"post_tag","embeddable":true,"href":"https:\/\/linitiative.ca\/International\/wp-json\/wp\/v2\/tags?post=88912"}],"curies":[{"name":"wp","href":"https:\/\/api.w.org\/{rel}","templated":true}]}}