{"id":88913,"date":"2020-06-14T11:23:05","date_gmt":"2020-06-14T15:23:05","guid":{"rendered":"https:\/\/linitiative.ca\/International\/trump-sen-va-t-en-guerre-contre-la-cpi\/"},"modified":"2020-06-14T11:23:05","modified_gmt":"2020-06-14T15:23:05","slug":"trump-sen-va-t-en-guerre-contre-la-cpi","status":"publish","type":"post","link":"https:\/\/linitiative.ca\/International\/trump-sen-va-t-en-guerre-contre-la-cpi\/","title":{"rendered":"Trump s\u2019en va-t-en guerre contre la CPI\u2026"},"content":{"rendered":"<p class=\"c2\"><strong>Nabil El Bousaadi<\/strong><\/p>\n<p class=\"has-text-color c3\"><strong>Si les relations entre les Etats-Unis et la Cour P\u00e9nale Internationale n\u2019ont jamais \u00e9t\u00e9 sereines principalement depuis l\u2019arriv\u00e9e de Donald Trump \u00e0 la Maison Blanche, force est de reconna\u00eetre qu\u2019aujourd\u2019hui le torchon br\u00fble entre les deux ; Washington reprochant \u00e0 la CPI d\u2019\u00eatre \u00e0 la solde de \u00abpuissances \u00e9trang\u00e8res\u00bb.<\/strong><\/p>\n<p>\u00ab Nous ne pouvons pas rester les bras crois\u00e9s pendant que nos gars sont menac\u00e9s par un tribunal-bidon et nous ne le ferons pas\u00bb a d\u00e9clar\u00e9 Mike Pompeo, le secr\u00e9taire d\u2019Etat am\u00e9ricain aux Affaires \u00e9trang\u00e8res, apr\u00e8s qu\u2019un communiqu\u00e9 de la Maison Blanche ait annonc\u00e9, ce jeudi, que \u00able pr\u00e9sident a autoris\u00e9 des sanctions \u00e9conomiques contre les responsables de la Cour P\u00e9nale Internationale qui prendraient part directement \u00e0 tout effort pour enqu\u00eater sur des militaires am\u00e9ricains ou pour les inculper sans le consentement des Etats-Unis\u00bb.<\/p>\n<p>Pour rappel, bien qu\u2019ayant sign\u00e9, en 2000, le \u00abStatut de Rome\u00bb portant cr\u00e9ation de la Cour P\u00e9nale Internationale, Washington ne l\u2019a jamais ratifi\u00e9 comme l\u2019ont fait 120 autres pays et s\u2019en est m\u00eame retir\u00e9 en 2002, sous l\u2019impulsion du pr\u00e9sident George W. Bush.<\/p>\n<p>Mais ce retrait n\u2019avait pas, pour autant, emp\u00each\u00e9 la CPI, dans un rapport \u00e9labor\u00e9 en 2016, d\u2019accuser clairement l\u2019arm\u00e9e am\u00e9ricaine de commettre des actes de torture dans des lieux de d\u00e9tention secrets en Afghanistan g\u00e9r\u00e9s par la CIA et, malgr\u00e9 l\u2019opposition de l\u2019administration Trump, d\u2019autoriser, en 2020, l\u2019ouverture d\u2019une enqu\u00eate pour les \u00abcrimes de guerre et crimes contre l\u2019humanit\u00e9\u00bb qui auraient \u00e9t\u00e9 commis en Afghanistan o\u00f9 l\u2019arm\u00e9e am\u00e9ricaine est pr\u00e9sente depuis 2001. Il n\u2019en fallait pas plus pour faire sortir de ses gonds un Donald Trump qui a d\u00e9clar\u00e9 que \u00ables Etats-Unis continueront \u00e0 avoir recours \u00e0 tous les moyens n\u00e9cessaires pour prot\u00e9ger leurs citoyens \u2026 contre des inculpations injustes\u00bb.<\/p>\n<p>Peu de temps auparavant, la Maison Blanche avait \u00e9mis des mesures de restriction de visa contre Fatou Bensouda, la procureure-en-chef de la CPI, au moment-m\u00eame o\u00f9 cette derni\u00e8re se pr\u00e9parait \u00e0 se rendre aux Etats-Unis pour enqu\u00eater sur ce dossier et \u00e9tendu ces mesures \u00e0 d\u2019autres responsables de la CPI et \u00e0 leurs proches.<\/p>\n<p>D\u00e9non\u00e7ant l\u2019existence, au sein de la CPI, d\u2019une \u00abcorruption (aux) plus hauts niveaux\u00bb, Washington consid\u00e8re que \u00ables actes de la Cour P\u00e9nale Internationale constituent une attaque contre les droits du peuple am\u00e9ricain et menacent d\u2019empi\u00e9ter sur (sa) souverainet\u00e9 nationale\u00bb. Mais l\u2019opposition de la Maison Blanche ne se limite pas \u00e0 la seule enqu\u00eate diligent\u00e9e par la CPI en Afghanistan car il est tr\u00e8s clair que le Tribunal de La Haye qui entend, \u00e9galement, mener ses investigations en Cisjordanie et dans la bande de Gaza reste, aux yeux de Washington, une cour \u00abpolitis\u00e9e\u00bb qui m\u00e8ne \u00abune chasse aux sorci\u00e8res contre Isra\u00ebl et les Etats-Unis (mais) ferme les yeux sur les pires fossoyeurs des droits humains au monde parmi lesquels le r\u00e9gime terroriste en Iran\u00bb.<\/p>\n<p>Accusant, de son c\u00f4t\u00e9, \u00abdes puissances \u00e9trang\u00e8res comme la Russie (de) manipuler (la CPI) pour servir leurs propres int\u00e9r\u00eats\u00bb Bill Barr, le ministre am\u00e9ricain de la Justice, a d\u00e9clar\u00e9 que \u00ab les Etats-Unis continueront \u00e0 avoir recours \u00e0 tous les moyens n\u00e9cessaires pour prot\u00e9ger leurs citoyens et (leurs) alli\u00e9s contre des inculpations injustes\u00bb.<\/p>\n<p>Mais en d\u00e9plorant les \u00abattaques sans pr\u00e9c\u00e9dent \u00bb perp\u00e9tr\u00e9es \u00e0 l\u2019encontre du Tribunal de La Haye par les Etats-Unis dans \u00abune tentative inacceptable de porter atteinte \u00e0 l\u2019Etat de droit et aux proc\u00e9dures judiciaires de la Cour\u00bb, le juge O-Gon Kwon, pr\u00e9sident de l\u2019assembl\u00e9e des Etats parties de la CPI, a rejet\u00e9 ces sanctions au motif qu\u2019elles entraveraient l\u2019effort d\u00e9ploy\u00e9 par cette institution \u00ab pour combattre l\u2019impunit\u00e9\u00bb.<\/p>\n<p>Et si, pour le chef de la diplomatie europ\u00e9enne, Josep Borell, les \u00absanctions am\u00e9ricaines\u00bb contre la CPI sont \u00abun sujet de tr\u00e8s grande pr\u00e9occupation\u00bb,\u00a0 elles viseraient, selon Andrea Prasow de l\u2019ONG Human Rights Watch,\u00a0 \u00ab\u00e0 nier toute justice pour les victimes de crimes graves en Afghanistan, en Isra\u00ebl ou en Palestine\u00bb.<\/p>\n<p>Invitant, enfin, Washington \u00e0 revenir sur sa d\u00e9cision et d\u00e9non\u00e7ant \u00abune attaque grave contre la Cour (\u2026) et, au-del\u00e0, une remise en cause du multilat\u00e9ralisme et de l\u2019ind\u00e9pendance de la justice\u00bb, le chef de la diplomatie fran\u00e7aise a saisi cette occasion pour r\u00e9it\u00e9rer le \u00abplein soutien \u00bb de Paris \u00e0 la CPI en tant qu\u2019unique \u00abjuridiction p\u00e9nale internationale permanente et \u00e0 vocation universelle\u00bb.<\/p>\n<p>Ces condamnations ram\u00e8neront-elles Washington \u00e0 de meilleurs sentiments envers une institution p\u00e9nale internationale mise en place par la communaut\u00e9 internationale \u00e0 l\u2019effet de sanctionner le non-respect des droits de l\u2019Homme ? Rien ne l\u2019indique pour l\u2019heure mais attendons pour voir\u2026<\/p>\n<p>Auteur: M&rsquo;hammed rahal<br \/>\n<a href=\"http:\/\/albayane.press.ma\/trump-sen-va-t-en-guerre-contre-la-cpi.html\">Cliquez ici pour lire l&rsquo;article depuis sa source.<\/a><\/p>\n","protected":false},"excerpt":{"rendered":"<p>Nabil El Bousaadi Si les relations entre les Etats-Unis et la Cour P\u00e9nale Internationale n\u2019ont jamais \u00e9t\u00e9 sereines principalement depuis l\u2019arriv\u00e9e de Donald Trump \u00e0 la Maison Blanche, force est de reconna\u00eetre qu\u2019aujourd\u2019hui le torchon br\u00fble entre les deux ; Washington reprochant \u00e0 la CPI d\u2019\u00eatre \u00e0 la solde de \u00abpuissances \u00e9trang\u00e8res\u00bb. \u00ab Nous ne [&hellip;]<\/p>\n","protected":false},"author":1760,"featured_media":0,"comment_status":"closed","ping_status":"closed","sticky":false,"template":"","format":"standard","meta":{"fifu_image_url":"","fifu_image_alt":"","footnotes":""},"categories":[73,54],"tags":[],"class_list":["post-88913","post","type-post","status-publish","format-standard","hentry","category-actualite","category-maroc"],"_links":{"self":[{"href":"https:\/\/linitiative.ca\/International\/wp-json\/wp\/v2\/posts\/88913","targetHints":{"allow":["GET"]}}],"collection":[{"href":"https:\/\/linitiative.ca\/International\/wp-json\/wp\/v2\/posts"}],"about":[{"href":"https:\/\/linitiative.ca\/International\/wp-json\/wp\/v2\/types\/post"}],"author":[{"embeddable":true,"href":"https:\/\/linitiative.ca\/International\/wp-json\/wp\/v2\/users\/1760"}],"replies":[{"embeddable":true,"href":"https:\/\/linitiative.ca\/International\/wp-json\/wp\/v2\/comments?post=88913"}],"version-history":[{"count":0,"href":"https:\/\/linitiative.ca\/International\/wp-json\/wp\/v2\/posts\/88913\/revisions"}],"wp:attachment":[{"href":"https:\/\/linitiative.ca\/International\/wp-json\/wp\/v2\/media?parent=88913"}],"wp:term":[{"taxonomy":"category","embeddable":true,"href":"https:\/\/linitiative.ca\/International\/wp-json\/wp\/v2\/categories?post=88913"},{"taxonomy":"post_tag","embeddable":true,"href":"https:\/\/linitiative.ca\/International\/wp-json\/wp\/v2\/tags?post=88913"}],"curies":[{"name":"wp","href":"https:\/\/api.w.org\/{rel}","templated":true}]}}