{"id":88918,"date":"2020-06-14T06:24:00","date_gmt":"2020-06-14T10:24:00","guid":{"rendered":"https:\/\/linitiative.ca\/International\/manifestation-des-habitants-de-mekhadma-a-ouargla\/"},"modified":"2020-06-14T06:24:00","modified_gmt":"2020-06-14T10:24:00","slug":"manifestation-des-habitants-de-mekhadma-a-ouargla","status":"publish","type":"post","link":"https:\/\/linitiative.ca\/International\/manifestation-des-habitants-de-mekhadma-a-ouargla\/","title":{"rendered":"Manifestation des habitants de Mekhadma \u00e0 Ouargla"},"content":{"rendered":"<div id=\"originalText\" readability=\"50\">\n<p>Les habitants du quartier Mekhadma, dans la wilaya de Ouargla, ont manifest\u00e9 ce matin, dans les ruelles du centre ville, avant de tenir un rassemblement devant le si\u00e8ge de la wilaya, pour protester contre leurs conditions de vie, notamment \u00ab\u00a0l&rsquo;\u00e9tat des routes en d\u00e9gradation avanc\u00e9e\u00a0\u00bb et le \u00ab\u00a0d\u00e9bordement des eaux us\u00e9es sur la chauss\u00e9e\u00a0\u00bb.\u00a0<\/p>\n<p><img decoding=\"async\" alt=\"\" src=\"\/data\/upload\/104096885_10223260955581439_341713696141247209_n.jpg\" class=\"c6\"\/><\/p>\n<p>Les habitants de ce quartier, qui se trouve dans le territoire de la commune de Ouargla, r\u00e9clament aussi leur part du d\u00e9veloppement, \u00e0 l&rsquo;exemple du projet du CHU de Ouargla, gel\u00e9 et d\u00e9bloqu\u00e9 d\u00e9j\u00e0 en 2018 et 2019, puis gel\u00e9 \u00e0 nouveau dans la LFC 2020.<\/p>\n<p class=\"c7\"><strong>R\u00e9daction Web\u00a0<\/strong><\/p>\n<\/div>\n<div id=\"text_core\" readability=\"50\">\n<p>Les habitants du quartier Mekhadma, dans la wilaya de Ouargla, ont manifest\u00e9 ce matin, dans les ruelles du centre ville, avant de tenir un rassemblement devant le si\u00e8ge de la wilaya, pour protester contre leurs conditions de vie, notamment \u00ab\u00a0l&rsquo;\u00e9tat des routes en d\u00e9gradation avanc\u00e9e\u00a0\u00bb et le \u00ab\u00a0d\u00e9bordement des eaux us\u00e9es sur la chauss\u00e9e\u00a0\u00bb.\u00a0<\/p>\n<p><img decoding=\"async\" alt=\"\" src=\"\/data\/upload\/104096885_10223260955581439_341713696141247209_n.jpg\" class=\"c6\"\/><\/p>\n<p>Les habitants de ce quartier, qui se trouve dans le territoire de la commune de Ouargla, r\u00e9clament aussi leur part du d\u00e9veloppement, \u00e0 l&rsquo;exemple du projet du CHU de Ouargla, gel\u00e9 et d\u00e9bloqu\u00e9 d\u00e9j\u00e0 en 2018 et 2019, puis gel\u00e9 \u00e0 nouveau dans la LFC 2020.<\/p>\n<p class=\"c7\"><strong>R\u00e9daction Web\u00a0<\/strong><\/p>\n<\/div>\n<p>Auteur:<br \/>\n<a href=\"https:\/\/www.liberte-algerie.com\/actualite\/manifestation-des-habitants-de-mekhadma-a-ouargla-340237\">Cliquez ici pour lire l&rsquo;article depuis sa source.<\/a><\/p>\n","protected":false},"excerpt":{"rendered":"<p>Les habitants du quartier Mekhadma, dans la wilaya de Ouargla, ont manifest\u00e9 ce matin, dans les ruelles du centre ville, avant de tenir un rassemblement devant le si\u00e8ge de la wilaya, pour protester contre leurs conditions de vie, notamment \u00ab\u00a0l&rsquo;\u00e9tat des routes en d\u00e9gradation avanc\u00e9e\u00a0\u00bb et le \u00ab\u00a0d\u00e9bordement des eaux us\u00e9es sur la chauss\u00e9e\u00a0\u00bb.\u00a0 Les [&hellip;]<\/p>\n","protected":false},"author":1742,"featured_media":88919,"comment_status":"closed","ping_status":"closed","sticky":false,"template":"","format":"standard","meta":{"fifu_image_url":"","fifu_image_alt":"","footnotes":""},"categories":[73,53],"tags":[],"class_list":["post-88918","post","type-post","status-publish","format-standard","has-post-thumbnail","hentry","category-actualite","category-algerie"],"_links":{"self":[{"href":"https:\/\/linitiative.ca\/International\/wp-json\/wp\/v2\/posts\/88918","targetHints":{"allow":["GET"]}}],"collection":[{"href":"https:\/\/linitiative.ca\/International\/wp-json\/wp\/v2\/posts"}],"about":[{"href":"https:\/\/linitiative.ca\/International\/wp-json\/wp\/v2\/types\/post"}],"author":[{"embeddable":true,"href":"https:\/\/linitiative.ca\/International\/wp-json\/wp\/v2\/users\/1742"}],"replies":[{"embeddable":true,"href":"https:\/\/linitiative.ca\/International\/wp-json\/wp\/v2\/comments?post=88918"}],"version-history":[{"count":0,"href":"https:\/\/linitiative.ca\/International\/wp-json\/wp\/v2\/posts\/88918\/revisions"}],"wp:featuredmedia":[{"embeddable":true,"href":"https:\/\/linitiative.ca\/International\/wp-json\/"}],"wp:attachment":[{"href":"https:\/\/linitiative.ca\/International\/wp-json\/wp\/v2\/media?parent=88918"}],"wp:term":[{"taxonomy":"category","embeddable":true,"href":"https:\/\/linitiative.ca\/International\/wp-json\/wp\/v2\/categories?post=88918"},{"taxonomy":"post_tag","embeddable":true,"href":"https:\/\/linitiative.ca\/International\/wp-json\/wp\/v2\/tags?post=88918"}],"curies":[{"name":"wp","href":"https:\/\/api.w.org\/{rel}","templated":true}]}}